{"id":3779,"date":"2026-01-16T12:50:31","date_gmt":"2026-01-16T11:50:31","guid":{"rendered":"https:\/\/www.generaltransport.rs\/?p=3779"},"modified":"2026-01-16T12:50:31","modified_gmt":"2026-01-16T11:50:31","slug":"warentransport-in-die-schweiz","status":"publish","type":"post","link":"https:\/\/www.generaltransport.rs\/de\/warentransport-in-die-schweiz\/","title":{"rendered":"Warentransport in die Schweiz"},"content":{"rendered":"<p>Warentransport in die Schweiz &#8211; effizient und zuverl\u00e4ssig mit General Transport!<\/p>\n<p>Die Schweiz ist eines der reichsten L\u00e4nder der Welt. Nach BIP pro Kopf steht die Schweiz weltweit an dritter Stelle.<\/p>\n<p>Obwohl die Schweiz kein Mitglied der EU ist, hat sie die zahlreichen bilateralen Abkommen mit der EU ausgehandelt. Diese Abkommen wurden beschlossen, um die wirtschaftliche Zusammenarbeit und Integration des Landes mit der EU zu st\u00e4rken. In der Tat ist es nicht verwunderlich, dass mehr als 70% des Schweizer Au\u00dfenhandels in EU-L\u00e4ndern stattfindet.<br \/>\nJedoch muss die Schweiz auch in Nicht-EU-L\u00e4nder exportieren und aus diesen importieren.<\/p>\n<p>Wenn Sie in die Schweiz importieren oder exportieren m\u00fcssen oder die Logistik Ihres Gesch\u00e4fts mit der Schweiz verbessern m\u00f6chten, brauchen Sie einen zuverl\u00e4ssigen und verantwortungsbewussten Partner.<\/p>\n<p>Wir sind Ihr starker Partner f\u00fcr den Warentransport aus der Schweiz oder in die Schweiz. Egal ob es sich um Privatpersonen oder Unternehmen, kleine Pakete oder volle LKWs handelt, vereinfachen wir Ihren Warenfluss und optimieren Ihre Transportkosten.<\/p>\n<p>Mit uns, Ihrem Fracht- und Rohstofftr\u00e4ger aus Serbien in die Schweiz sowie aus der Schweiz nach Serbien, kommen Ihre Waren unbesch\u00e4digt und zur richtigen Zeit am richtigen Ort an.<br \/>\nWir bieten Ihnen ein Fahrzeug, das den Bed\u00fcrfnissen Ihrer Waren entspricht. Zurzeit haben wir 20 neue Fahrzeuge in unserer Flotte. Der Fiat Van kann 5 Euro Paletten bis 1300 kg laden, w\u00e4hrend der Renault Master Van mit der Abdeckplane bis zu 8 Euro Paletten bis 1200 kg laden kann. Falls die Leistung unserer Flotte wegen der Gr\u00f6\u00dfe Ihrer Waren nicht mehr m\u00f6glich ist, ist das f\u00fcr uns kein Problem. Dank unserer Gesch\u00e4ftspartner finden wir immer ein Fahrzeug, das den Anforderungen Ihrer Waren entspricht. Die Fahrzeuge sind mit modernster Ausstattung und GPS-Tracking versehen. Wir glauben auch, dass ein sehr wichtiger Punkt die technische Korrektheit des Fahrzeugs ist, so dass wir das Risiko eines Ausfalls auf ein Minimum reduzieren.<br \/>\nJede Anfrage zur Zusammenarbeit, die wir erhalten, wird so schnell wie m\u00f6glich bearbeitet, egal ob es sich um eine kleine Sendung oder eine gr\u00f6\u00dfere Fracht handelt.<\/p>\n<p>In Absprache mit Ihnen holen wir die Ware an einem bestimmten Ort ab und bringen sie so schnell wie m\u00f6glich an den gew\u00fcnschten Bestimmungsort. Wir verpacken die Waren und bereiten sie f\u00fcr den Transport vor, f\u00fchren das Be- und Entladen durch. Zus\u00e4tzlich zu unseren Dienstleistungen bieten wir auch die Zollvermittlung und Erledigung der Zollverfahren an.<\/p>\n<p>&#8222;General Transport&#8220; steht Ihnen zur Verf\u00fcgung auch wenn Sie Hilfe bei der Ausstellung und Beschaffung aller f\u00fcr den Au\u00dfenhandel mit der Schweiz erforderlichen Transportdokumente ben\u00f6tigen. Kontaktieren Sie uns und stellen Sie sicher, dass unsere Dienstleistungen effizient, zuverl\u00e4ssig und professionell sind!<\/p>\n","protected":false},"excerpt":{"rendered":"<p>Warentransport in die Schweiz &#8211; effizient und zuverl\u00e4ssig mit General Transport! Die Schweiz ist eines der reichsten L\u00e4nder der Welt. Nach BIP pro Kopf steht die Schweiz weltweit an dritter Stelle. Obwohl die Schweiz kein Mitglied der EU ist, hat sie die zahlreichen bilateralen Abkommen mit der EU ausgehandelt. Diese Abkommen wurden beschlossen, um die &hellip; <\/p>\n<p class=\"link-more\"><a href=\"https:\/\/www.generaltransport.rs\/de\/warentransport-in-die-schweiz\/\" class=\"more-link\">Continue reading<span class=\"screen-reader-text\"> &#8222;Warentransport in die Schweiz&#8220;<\/span><\/a><\/p>\n","protected":false},"author":1,"featured_media":0,"comment_status":"closed","ping_status":"open","sticky":false,"template":"","format":"standard","meta":{"footnotes":""},"categories":[335],"tags":[],"class_list":["post-3779","post","type-post","status-publish","format-standard","hentry","category-internationaler-transport-de"],"yoast_head":"<!-- This site is optimized with the Yoast SEO plugin v27.3 - https:\/\/yoast.com\/product\/yoast-seo-wordpress\/ -->\n<title>Warentransport in die Schweiz - General Transport<\/title>\n<meta name=\"robots\" content=\"index, follow, max-snippet:-1, max-image-preview:large, max-video-preview:-1\" \/>\n<link rel=\"canonical\" href=\"https:\/\/www.generaltransport.rs\/de\/warentransport-in-die-schweiz\/\" \/>\n<meta property=\"og:locale\" content=\"de_DE\" \/>\n<meta property=\"og:type\" content=\"article\" \/>\n<meta property=\"og:title\" content=\"Warentransport in die Schweiz - General Transport\" \/>\n<meta property=\"og:description\" content=\"Warentransport in die Schweiz &#8211; effizient und zuverl\u00e4ssig mit General Transport! Die Schweiz ist eines der reichsten L\u00e4nder der Welt. Nach BIP pro Kopf steht die Schweiz weltweit an dritter Stelle. Obwohl die Schweiz kein Mitglied der EU ist, hat sie die zahlreichen bilateralen Abkommen mit der EU ausgehandelt. Diese Abkommen wurden beschlossen, um die &hellip; Continue reading &quot;Warentransport in die Schweiz&quot;\" \/>\n<meta property=\"og:url\" content=\"https:\/\/www.generaltransport.rs\/de\/warentransport-in-die-schweiz\/\" \/>\n<meta property=\"og:site_name\" content=\"General Transport\" \/>\n<meta property=\"article:published_time\" content=\"2026-01-16T11:50:31+00:00\" \/>\n<meta name=\"author\" content=\"\u0110urko \u0160umi\u0107\" \/>\n<meta name=\"twitter:card\" content=\"summary_large_image\" \/>\n<meta name=\"twitter:label1\" content=\"Verfasst von\" \/>\n\t<meta name=\"twitter:data1\" content=\"\u0110urko \u0160umi\u0107\" \/>\n\t<meta name=\"twitter:label2\" content=\"Gesch\u00e4tzte Lesezeit\" \/>\n\t<meta name=\"twitter:data2\" content=\"2\u00a0Minuten\" \/>\n<script type=\"application\/ld+json\" class=\"yoast-schema-graph\">{\"@context\":\"https:\\\/\\\/schema.org\",\"@graph\":[{\"@type\":\"Article\",\"@id\":\"https:\\\/\\\/www.generaltransport.rs\\\/de\\\/warentransport-in-die-schweiz\\\/#article\",\"isPartOf\":{\"@id\":\"https:\\\/\\\/www.generaltransport.rs\\\/de\\\/warentransport-in-die-schweiz\\\/\"},\"author\":{\"name\":\"\u0110urko \u0160umi\u0107\",\"@id\":\"https:\\\/\\\/www.generaltransport.rs\\\/de\\\/#\\\/schema\\\/person\\\/0e48edc24cd7d46280e805af0f8abba1\"},\"headline\":\"Warentransport in die Schweiz\",\"datePublished\":\"2026-01-16T11:50:31+00:00\",\"mainEntityOfPage\":{\"@id\":\"https:\\\/\\\/www.generaltransport.rs\\\/de\\\/warentransport-in-die-schweiz\\\/\"},\"wordCount\":454,\"publisher\":{\"@id\":\"https:\\\/\\\/www.generaltransport.rs\\\/de\\\/#organization\"},\"articleSection\":[\"Internationaler Transport\"],\"inLanguage\":\"de\"},{\"@type\":\"WebPage\",\"@id\":\"https:\\\/\\\/www.generaltransport.rs\\\/de\\\/warentransport-in-die-schweiz\\\/\",\"url\":\"https:\\\/\\\/www.generaltransport.rs\\\/de\\\/warentransport-in-die-schweiz\\\/\",\"name\":\"Warentransport in die Schweiz - General Transport\",\"isPartOf\":{\"@id\":\"https:\\\/\\\/www.generaltransport.rs\\\/de\\\/#website\"},\"datePublished\":\"2026-01-16T11:50:31+00:00\",\"breadcrumb\":{\"@id\":\"https:\\\/\\\/www.generaltransport.rs\\\/de\\\/warentransport-in-die-schweiz\\\/#breadcrumb\"},\"inLanguage\":\"de\",\"potentialAction\":[{\"@type\":\"ReadAction\",\"target\":[\"https:\\\/\\\/www.generaltransport.rs\\\/de\\\/warentransport-in-die-schweiz\\\/\"]}]},{\"@type\":\"BreadcrumbList\",\"@id\":\"https:\\\/\\\/www.generaltransport.rs\\\/de\\\/warentransport-in-die-schweiz\\\/#breadcrumb\",\"itemListElement\":[{\"@type\":\"ListItem\",\"position\":1,\"name\":\"Home\",\"item\":\"https:\\\/\\\/www.generaltransport.rs\\\/de\\\/\"},{\"@type\":\"ListItem\",\"position\":2,\"name\":\"Warentransport in die Schweiz\"}]},{\"@type\":\"WebSite\",\"@id\":\"https:\\\/\\\/www.generaltransport.rs\\\/de\\\/#website\",\"url\":\"https:\\\/\\\/www.generaltransport.rs\\\/de\\\/\",\"name\":\"General Transport\",\"description\":\"Me\u0111unarodni transport robe i logistika\",\"publisher\":{\"@id\":\"https:\\\/\\\/www.generaltransport.rs\\\/de\\\/#organization\"},\"potentialAction\":[{\"@type\":\"SearchAction\",\"target\":{\"@type\":\"EntryPoint\",\"urlTemplate\":\"https:\\\/\\\/www.generaltransport.rs\\\/de\\\/?s={search_term_string}\"},\"query-input\":{\"@type\":\"PropertyValueSpecification\",\"valueRequired\":true,\"valueName\":\"search_term_string\"}}],\"inLanguage\":\"de\"},{\"@type\":\"Organization\",\"@id\":\"https:\\\/\\\/www.generaltransport.rs\\\/de\\\/#organization\",\"name\":\"General Transport\",\"url\":\"https:\\\/\\\/www.generaltransport.rs\\\/de\\\/\",\"logo\":{\"@type\":\"ImageObject\",\"inLanguage\":\"de\",\"@id\":\"https:\\\/\\\/www.generaltransport.rs\\\/de\\\/#\\\/schema\\\/logo\\\/image\\\/\",\"url\":\"https:\\\/\\\/www.generaltransport.rs\\\/wp-content\\\/uploads\\\/2019\\\/11\\\/cropped-GT-site-logo-1-1.jpg\",\"contentUrl\":\"https:\\\/\\\/www.generaltransport.rs\\\/wp-content\\\/uploads\\\/2019\\\/11\\\/cropped-GT-site-logo-1-1.jpg\",\"width\":240,\"height\":59,\"caption\":\"General Transport\"},\"image\":{\"@id\":\"https:\\\/\\\/www.generaltransport.rs\\\/de\\\/#\\\/schema\\\/logo\\\/image\\\/\"}},{\"@type\":\"Person\",\"@id\":\"https:\\\/\\\/www.generaltransport.rs\\\/de\\\/#\\\/schema\\\/person\\\/0e48edc24cd7d46280e805af0f8abba1\",\"name\":\"\u0110urko \u0160umi\u0107\",\"image\":{\"@type\":\"ImageObject\",\"inLanguage\":\"de\",\"@id\":\"https:\\\/\\\/secure.gravatar.com\\\/avatar\\\/773cee9967b85f31c2c0a158f21fb44d02b8dd8a514ce79b53468d59a03b1f8d?s=96&d=mm&r=g\",\"url\":\"https:\\\/\\\/secure.gravatar.com\\\/avatar\\\/773cee9967b85f31c2c0a158f21fb44d02b8dd8a514ce79b53468d59a03b1f8d?s=96&d=mm&r=g\",\"contentUrl\":\"https:\\\/\\\/secure.gravatar.com\\\/avatar\\\/773cee9967b85f31c2c0a158f21fb44d02b8dd8a514ce79b53468d59a03b1f8d?s=96&d=mm&r=g\",\"caption\":\"\u0110urko \u0160umi\u0107\"},\"url\":\"https:\\\/\\\/www.generaltransport.rs\\\/de\\\/author\\\/djurko\\\/\"}]}<\/script>\n<!-- \/ Yoast SEO plugin. -->","yoast_head_json":{"title":"Warentransport in die Schweiz - General Transport","robots":{"index":"index","follow":"follow","max-snippet":"max-snippet:-1","max-image-preview":"max-image-preview:large","max-video-preview":"max-video-preview:-1"},"canonical":"https:\/\/www.generaltransport.rs\/de\/warentransport-in-die-schweiz\/","og_locale":"de_DE","og_type":"article","og_title":"Warentransport in die Schweiz - General Transport","og_description":"Warentransport in die Schweiz &#8211; effizient und zuverl\u00e4ssig mit General Transport! Die Schweiz ist eines der reichsten L\u00e4nder der Welt. Nach BIP pro Kopf steht die Schweiz weltweit an dritter Stelle. Obwohl die Schweiz kein Mitglied der EU ist, hat sie die zahlreichen bilateralen Abkommen mit der EU ausgehandelt. Diese Abkommen wurden beschlossen, um die &hellip; Continue reading \"Warentransport in die Schweiz\"","og_url":"https:\/\/www.generaltransport.rs\/de\/warentransport-in-die-schweiz\/","og_site_name":"General Transport","article_published_time":"2026-01-16T11:50:31+00:00","author":"\u0110urko \u0160umi\u0107","twitter_card":"summary_large_image","twitter_misc":{"Verfasst von":"\u0110urko \u0160umi\u0107","Gesch\u00e4tzte Lesezeit":"2\u00a0Minuten"},"schema":{"@context":"https:\/\/schema.org","@graph":[{"@type":"Article","@id":"https:\/\/www.generaltransport.rs\/de\/warentransport-in-die-schweiz\/#article","isPartOf":{"@id":"https:\/\/www.generaltransport.rs\/de\/warentransport-in-die-schweiz\/"},"author":{"name":"\u0110urko \u0160umi\u0107","@id":"https:\/\/www.generaltransport.rs\/de\/#\/schema\/person\/0e48edc24cd7d46280e805af0f8abba1"},"headline":"Warentransport in die Schweiz","datePublished":"2026-01-16T11:50:31+00:00","mainEntityOfPage":{"@id":"https:\/\/www.generaltransport.rs\/de\/warentransport-in-die-schweiz\/"},"wordCount":454,"publisher":{"@id":"https:\/\/www.generaltransport.rs\/de\/#organization"},"articleSection":["Internationaler Transport"],"inLanguage":"de"},{"@type":"WebPage","@id":"https:\/\/www.generaltransport.rs\/de\/warentransport-in-die-schweiz\/","url":"https:\/\/www.generaltransport.rs\/de\/warentransport-in-die-schweiz\/","name":"Warentransport in die Schweiz - General Transport","isPartOf":{"@id":"https:\/\/www.generaltransport.rs\/de\/#website"},"datePublished":"2026-01-16T11:50:31+00:00","breadcrumb":{"@id":"https:\/\/www.generaltransport.rs\/de\/warentransport-in-die-schweiz\/#breadcrumb"},"inLanguage":"de","potentialAction":[{"@type":"ReadAction","target":["https:\/\/www.generaltransport.rs\/de\/warentransport-in-die-schweiz\/"]}]},{"@type":"BreadcrumbList","@id":"https:\/\/www.generaltransport.rs\/de\/warentransport-in-die-schweiz\/#breadcrumb","itemListElement":[{"@type":"ListItem","position":1,"name":"Home","item":"https:\/\/www.generaltransport.rs\/de\/"},{"@type":"ListItem","position":2,"name":"Warentransport in die Schweiz"}]},{"@type":"WebSite","@id":"https:\/\/www.generaltransport.rs\/de\/#website","url":"https:\/\/www.generaltransport.rs\/de\/","name":"General Transport","description":"Me\u0111unarodni transport robe i logistika","publisher":{"@id":"https:\/\/www.generaltransport.rs\/de\/#organization"},"potentialAction":[{"@type":"SearchAction","target":{"@type":"EntryPoint","urlTemplate":"https:\/\/www.generaltransport.rs\/de\/?s={search_term_string}"},"query-input":{"@type":"PropertyValueSpecification","valueRequired":true,"valueName":"search_term_string"}}],"inLanguage":"de"},{"@type":"Organization","@id":"https:\/\/www.generaltransport.rs\/de\/#organization","name":"General Transport","url":"https:\/\/www.generaltransport.rs\/de\/","logo":{"@type":"ImageObject","inLanguage":"de","@id":"https:\/\/www.generaltransport.rs\/de\/#\/schema\/logo\/image\/","url":"https:\/\/www.generaltransport.rs\/wp-content\/uploads\/2019\/11\/cropped-GT-site-logo-1-1.jpg","contentUrl":"https:\/\/www.generaltransport.rs\/wp-content\/uploads\/2019\/11\/cropped-GT-site-logo-1-1.jpg","width":240,"height":59,"caption":"General Transport"},"image":{"@id":"https:\/\/www.generaltransport.rs\/de\/#\/schema\/logo\/image\/"}},{"@type":"Person","@id":"https:\/\/www.generaltransport.rs\/de\/#\/schema\/person\/0e48edc24cd7d46280e805af0f8abba1","name":"\u0110urko \u0160umi\u0107","image":{"@type":"ImageObject","inLanguage":"de","@id":"https:\/\/secure.gravatar.com\/avatar\/773cee9967b85f31c2c0a158f21fb44d02b8dd8a514ce79b53468d59a03b1f8d?s=96&d=mm&r=g","url":"https:\/\/secure.gravatar.com\/avatar\/773cee9967b85f31c2c0a158f21fb44d02b8dd8a514ce79b53468d59a03b1f8d?s=96&d=mm&r=g","contentUrl":"https:\/\/secure.gravatar.com\/avatar\/773cee9967b85f31c2c0a158f21fb44d02b8dd8a514ce79b53468d59a03b1f8d?s=96&d=mm&r=g","caption":"\u0110urko \u0160umi\u0107"},"url":"https:\/\/www.generaltransport.rs\/de\/author\/djurko\/"}]}},"_links":{"self":[{"href":"https:\/\/www.generaltransport.rs\/de\/wp-json\/wp\/v2\/posts\/3779","targetHints":{"allow":["GET"]}}],"collection":[{"href":"https:\/\/www.generaltransport.rs\/de\/wp-json\/wp\/v2\/posts"}],"about":[{"href":"https:\/\/www.generaltransport.rs\/de\/wp-json\/wp\/v2\/types\/post"}],"author":[{"embeddable":true,"href":"https:\/\/www.generaltransport.rs\/de\/wp-json\/wp\/v2\/users\/1"}],"replies":[{"embeddable":true,"href":"https:\/\/www.generaltransport.rs\/de\/wp-json\/wp\/v2\/comments?post=3779"}],"version-history":[{"count":1,"href":"https:\/\/www.generaltransport.rs\/de\/wp-json\/wp\/v2\/posts\/3779\/revisions"}],"predecessor-version":[{"id":3780,"href":"https:\/\/www.generaltransport.rs\/de\/wp-json\/wp\/v2\/posts\/3779\/revisions\/3780"}],"wp:attachment":[{"href":"https:\/\/www.generaltransport.rs\/de\/wp-json\/wp\/v2\/media?parent=3779"}],"wp:term":[{"taxonomy":"category","embeddable":true,"href":"https:\/\/www.generaltransport.rs\/de\/wp-json\/wp\/v2\/categories?post=3779"},{"taxonomy":"post_tag","embeddable":true,"href":"https:\/\/www.generaltransport.rs\/de\/wp-json\/wp\/v2\/tags?post=3779"}],"curies":[{"name":"wp","href":"https:\/\/api.w.org\/{rel}","templated":true}]}}