{"id":3795,"date":"2026-01-16T14:57:41","date_gmt":"2026-01-16T13:57:41","guid":{"rendered":"https:\/\/www.generaltransport.rs\/?p=3795"},"modified":"2026-01-16T14:57:41","modified_gmt":"2026-01-16T13:57:41","slug":"warentransport-nach-frankreich","status":"publish","type":"post","link":"https:\/\/www.generaltransport.rs\/de\/warentransport-nach-frankreich\/","title":{"rendered":"Warentransport nach Frankreich"},"content":{"rendered":"<p>Warentransport nach Frankreich- p\u00fcnktlich und sicher mit General Transport!<\/p>\n<p>Frankreich und Serbien haben 2010 das Interimsabkommen \u00fcber Handel- und Handelsfragen geschlossen, wonach sich der Handelsaustausch zwischen diesen beiden L\u00e4ndern fast verdoppelt hat.<\/p>\n<p>Allein im Jahr 2017 wurden 881,5 Millionen Euro Au\u00dfenhandel realisiert, davon 443,6 Millionen Euro aus dem Import und 437,9 Millionen Euro aus dem Export von Waren. In diesem Jahr war Frankreich Serbiens 14. Handelspartner mit einem Anteil von 2,9% an dem Gesamtaustausch.<\/p>\n<p>Im ersten Halbjahr 2018 stieg der Handelsaustausch zus\u00e4tzlich und zwar gegen\u00fcber dem Vorjahreszeitraum um bis zu 8,2%.<\/p>\n<p>Nur werden bestimmte Arten serbischer Produkte aus Serbien nach Frankreich importiert, aber der Export franz\u00f6sischer Produkte nach Serbien ist sehr vielf\u00e4ltig.<\/p>\n<p>M\u00fcssen Sie nach Frankreich importieren oder exportieren oder m\u00f6chten Sie die Logistik Ihres Gesch\u00e4fts mit Frankreich verbessern? General Transport ist Ihr zuverl\u00e4ssiger und verantwortungsbewusster Partner!<\/p>\n<p>In unserer eigenen Organisation und mithilfe unserer Mitarbeiter organisieren wir die regelm\u00e4\u00dfigen w\u00f6chentlichen Sammellinien auf der Strecke Frankreich-Serbien und Serbien-Frankreich, die in Verbindung mit den Dienstleistungen Spedition, Unterbringung in einem Zolllager und Zollabfertigung einen Mehrwert f\u00fcr unsere Kunden schaffen. Au\u00dferdem sind bei uns genaue Informationen zum Transport und zur Verfolgung von Waren in Echtzeit m\u00f6glich. Wir sind sehr stolz auf die Genauigkeit und Transparenz unserer Dienstleistungen.<\/p>\n<p>Die Zufriedenheit unserer Kunden und Partner ist unsere Priorit\u00e4t. Unsere Logistikdienstleistungen sind transparent und wir erf\u00fcllen die Bed\u00fcrfnisse unserer Kunden immer maximal. Unabh\u00e4ngig von der Gr\u00f6\u00dfe und Art der Ware behandeln wir alles mit gleicher Sorgfalt und Aufmerksamkeit, damit die Ware fehlerlos am Bestimmungsort ankommt.<\/p>\n<p>Unsere Manager k\u00fcmmern sich um jeden Aspekt des Transports \u2013 um die lokale Lieferung und den Versand, die Zuordnung, Beratung und Versicherung von Waren.<\/p>\n<p>In Absprache mit Ihnen holen wir die Ware an einem bestimmten Ort ab und bringen sie so schnell wie m\u00f6glich an den gew\u00fcnschten Bestimmungsort. Wir verpacken die Waren und bereiten sie f\u00fcr den Transport vor, f\u00fchren das Be- und Entladen durch. Zus\u00e4tzlich zu unseren Dienstleistungen bieten wir auch die Zollvermittlung und Erledigung der Zollverfahren an.<\/p>\n<p>Wenn Sie einen internationalen Warentransport zum franz\u00f6sischen Markt brauchen, sind Sie hier richtig! Kontaktieren Sie uns und wir werden so schnell wie m\u00f6glich die effizienteste L\u00f6sung f\u00fcr Ihre Bed\u00fcrfnisse finden.<\/p>\n","protected":false},"excerpt":{"rendered":"<p>Warentransport nach Frankreich- p\u00fcnktlich und sicher mit General Transport! Frankreich und Serbien haben 2010 das Interimsabkommen \u00fcber Handel- und Handelsfragen geschlossen, wonach sich der Handelsaustausch zwischen diesen beiden L\u00e4ndern fast verdoppelt hat. Allein im Jahr 2017 wurden 881,5 Millionen Euro Au\u00dfenhandel realisiert, davon 443,6 Millionen Euro aus dem Import und 437,9 Millionen Euro aus dem &hellip; <\/p>\n<p class=\"link-more\"><a href=\"https:\/\/www.generaltransport.rs\/de\/warentransport-nach-frankreich\/\" class=\"more-link\">Continue reading<span class=\"screen-reader-text\"> &#8222;Warentransport nach Frankreich&#8220;<\/span><\/a><\/p>\n","protected":false},"author":1,"featured_media":0,"comment_status":"closed","ping_status":"open","sticky":false,"template":"","format":"standard","meta":{"footnotes":""},"categories":[314],"tags":[],"class_list":["post-3795","post","type-post","status-publish","format-standard","hentry","category-internationaler-transport"],"yoast_head":"<!-- This site is optimized with the Yoast SEO plugin v27.3 - https:\/\/yoast.com\/product\/yoast-seo-wordpress\/ -->\n<title>Warentransport nach Frankreich - General Transport<\/title>\n<meta name=\"robots\" content=\"index, follow, max-snippet:-1, max-image-preview:large, max-video-preview:-1\" \/>\n<link rel=\"canonical\" href=\"https:\/\/www.generaltransport.rs\/de\/warentransport-nach-frankreich\/\" \/>\n<meta property=\"og:locale\" content=\"de_DE\" \/>\n<meta property=\"og:type\" content=\"article\" \/>\n<meta property=\"og:title\" content=\"Warentransport nach Frankreich - General Transport\" \/>\n<meta property=\"og:description\" content=\"Warentransport nach Frankreich- p\u00fcnktlich und sicher mit General Transport! Frankreich und Serbien haben 2010 das Interimsabkommen \u00fcber Handel- und Handelsfragen geschlossen, wonach sich der Handelsaustausch zwischen diesen beiden L\u00e4ndern fast verdoppelt hat. Allein im Jahr 2017 wurden 881,5 Millionen Euro Au\u00dfenhandel realisiert, davon 443,6 Millionen Euro aus dem Import und 437,9 Millionen Euro aus dem &hellip; Continue reading &quot;Warentransport nach Frankreich&quot;\" \/>\n<meta property=\"og:url\" content=\"https:\/\/www.generaltransport.rs\/de\/warentransport-nach-frankreich\/\" \/>\n<meta property=\"og:site_name\" content=\"General Transport\" \/>\n<meta property=\"article:published_time\" content=\"2026-01-16T13:57:41+00:00\" \/>\n<meta name=\"author\" content=\"\u0110urko \u0160umi\u0107\" \/>\n<meta name=\"twitter:card\" content=\"summary_large_image\" \/>\n<meta name=\"twitter:label1\" content=\"Verfasst von\" \/>\n\t<meta name=\"twitter:data1\" content=\"\u0110urko \u0160umi\u0107\" \/>\n\t<meta name=\"twitter:label2\" content=\"Gesch\u00e4tzte Lesezeit\" \/>\n\t<meta name=\"twitter:data2\" content=\"2\u00a0Minuten\" \/>\n<script type=\"application\/ld+json\" class=\"yoast-schema-graph\">{\"@context\":\"https:\\\/\\\/schema.org\",\"@graph\":[{\"@type\":\"Article\",\"@id\":\"https:\\\/\\\/www.generaltransport.rs\\\/de\\\/warentransport-nach-frankreich\\\/#article\",\"isPartOf\":{\"@id\":\"https:\\\/\\\/www.generaltransport.rs\\\/de\\\/warentransport-nach-frankreich\\\/\"},\"author\":{\"name\":\"\u0110urko \u0160umi\u0107\",\"@id\":\"https:\\\/\\\/www.generaltransport.rs\\\/de\\\/#\\\/schema\\\/person\\\/0e48edc24cd7d46280e805af0f8abba1\"},\"headline\":\"Warentransport nach Frankreich\",\"datePublished\":\"2026-01-16T13:57:41+00:00\",\"mainEntityOfPage\":{\"@id\":\"https:\\\/\\\/www.generaltransport.rs\\\/de\\\/warentransport-nach-frankreich\\\/\"},\"wordCount\":382,\"publisher\":{\"@id\":\"https:\\\/\\\/www.generaltransport.rs\\\/de\\\/#organization\"},\"articleSection\":[\"Internationaler Transport\"],\"inLanguage\":\"de\"},{\"@type\":\"WebPage\",\"@id\":\"https:\\\/\\\/www.generaltransport.rs\\\/de\\\/warentransport-nach-frankreich\\\/\",\"url\":\"https:\\\/\\\/www.generaltransport.rs\\\/de\\\/warentransport-nach-frankreich\\\/\",\"name\":\"Warentransport nach Frankreich - General Transport\",\"isPartOf\":{\"@id\":\"https:\\\/\\\/www.generaltransport.rs\\\/de\\\/#website\"},\"datePublished\":\"2026-01-16T13:57:41+00:00\",\"breadcrumb\":{\"@id\":\"https:\\\/\\\/www.generaltransport.rs\\\/de\\\/warentransport-nach-frankreich\\\/#breadcrumb\"},\"inLanguage\":\"de\",\"potentialAction\":[{\"@type\":\"ReadAction\",\"target\":[\"https:\\\/\\\/www.generaltransport.rs\\\/de\\\/warentransport-nach-frankreich\\\/\"]}]},{\"@type\":\"BreadcrumbList\",\"@id\":\"https:\\\/\\\/www.generaltransport.rs\\\/de\\\/warentransport-nach-frankreich\\\/#breadcrumb\",\"itemListElement\":[{\"@type\":\"ListItem\",\"position\":1,\"name\":\"Home\",\"item\":\"https:\\\/\\\/www.generaltransport.rs\\\/de\\\/\"},{\"@type\":\"ListItem\",\"position\":2,\"name\":\"Warentransport nach Frankreich\"}]},{\"@type\":\"WebSite\",\"@id\":\"https:\\\/\\\/www.generaltransport.rs\\\/de\\\/#website\",\"url\":\"https:\\\/\\\/www.generaltransport.rs\\\/de\\\/\",\"name\":\"General Transport\",\"description\":\"Me\u0111unarodni transport robe i logistika\",\"publisher\":{\"@id\":\"https:\\\/\\\/www.generaltransport.rs\\\/de\\\/#organization\"},\"potentialAction\":[{\"@type\":\"SearchAction\",\"target\":{\"@type\":\"EntryPoint\",\"urlTemplate\":\"https:\\\/\\\/www.generaltransport.rs\\\/de\\\/?s={search_term_string}\"},\"query-input\":{\"@type\":\"PropertyValueSpecification\",\"valueRequired\":true,\"valueName\":\"search_term_string\"}}],\"inLanguage\":\"de\"},{\"@type\":\"Organization\",\"@id\":\"https:\\\/\\\/www.generaltransport.rs\\\/de\\\/#organization\",\"name\":\"General Transport\",\"url\":\"https:\\\/\\\/www.generaltransport.rs\\\/de\\\/\",\"logo\":{\"@type\":\"ImageObject\",\"inLanguage\":\"de\",\"@id\":\"https:\\\/\\\/www.generaltransport.rs\\\/de\\\/#\\\/schema\\\/logo\\\/image\\\/\",\"url\":\"https:\\\/\\\/www.generaltransport.rs\\\/wp-content\\\/uploads\\\/2019\\\/11\\\/cropped-GT-site-logo-1-1.jpg\",\"contentUrl\":\"https:\\\/\\\/www.generaltransport.rs\\\/wp-content\\\/uploads\\\/2019\\\/11\\\/cropped-GT-site-logo-1-1.jpg\",\"width\":240,\"height\":59,\"caption\":\"General Transport\"},\"image\":{\"@id\":\"https:\\\/\\\/www.generaltransport.rs\\\/de\\\/#\\\/schema\\\/logo\\\/image\\\/\"}},{\"@type\":\"Person\",\"@id\":\"https:\\\/\\\/www.generaltransport.rs\\\/de\\\/#\\\/schema\\\/person\\\/0e48edc24cd7d46280e805af0f8abba1\",\"name\":\"\u0110urko \u0160umi\u0107\",\"image\":{\"@type\":\"ImageObject\",\"inLanguage\":\"de\",\"@id\":\"https:\\\/\\\/secure.gravatar.com\\\/avatar\\\/773cee9967b85f31c2c0a158f21fb44d02b8dd8a514ce79b53468d59a03b1f8d?s=96&d=mm&r=g\",\"url\":\"https:\\\/\\\/secure.gravatar.com\\\/avatar\\\/773cee9967b85f31c2c0a158f21fb44d02b8dd8a514ce79b53468d59a03b1f8d?s=96&d=mm&r=g\",\"contentUrl\":\"https:\\\/\\\/secure.gravatar.com\\\/avatar\\\/773cee9967b85f31c2c0a158f21fb44d02b8dd8a514ce79b53468d59a03b1f8d?s=96&d=mm&r=g\",\"caption\":\"\u0110urko \u0160umi\u0107\"},\"url\":\"https:\\\/\\\/www.generaltransport.rs\\\/de\\\/author\\\/djurko\\\/\"}]}<\/script>\n<!-- \/ Yoast SEO plugin. -->","yoast_head_json":{"title":"Warentransport nach Frankreich - General Transport","robots":{"index":"index","follow":"follow","max-snippet":"max-snippet:-1","max-image-preview":"max-image-preview:large","max-video-preview":"max-video-preview:-1"},"canonical":"https:\/\/www.generaltransport.rs\/de\/warentransport-nach-frankreich\/","og_locale":"de_DE","og_type":"article","og_title":"Warentransport nach Frankreich - General Transport","og_description":"Warentransport nach Frankreich- p\u00fcnktlich und sicher mit General Transport! Frankreich und Serbien haben 2010 das Interimsabkommen \u00fcber Handel- und Handelsfragen geschlossen, wonach sich der Handelsaustausch zwischen diesen beiden L\u00e4ndern fast verdoppelt hat. Allein im Jahr 2017 wurden 881,5 Millionen Euro Au\u00dfenhandel realisiert, davon 443,6 Millionen Euro aus dem Import und 437,9 Millionen Euro aus dem &hellip; Continue reading \"Warentransport nach Frankreich\"","og_url":"https:\/\/www.generaltransport.rs\/de\/warentransport-nach-frankreich\/","og_site_name":"General Transport","article_published_time":"2026-01-16T13:57:41+00:00","author":"\u0110urko \u0160umi\u0107","twitter_card":"summary_large_image","twitter_misc":{"Verfasst von":"\u0110urko \u0160umi\u0107","Gesch\u00e4tzte Lesezeit":"2\u00a0Minuten"},"schema":{"@context":"https:\/\/schema.org","@graph":[{"@type":"Article","@id":"https:\/\/www.generaltransport.rs\/de\/warentransport-nach-frankreich\/#article","isPartOf":{"@id":"https:\/\/www.generaltransport.rs\/de\/warentransport-nach-frankreich\/"},"author":{"name":"\u0110urko \u0160umi\u0107","@id":"https:\/\/www.generaltransport.rs\/de\/#\/schema\/person\/0e48edc24cd7d46280e805af0f8abba1"},"headline":"Warentransport nach Frankreich","datePublished":"2026-01-16T13:57:41+00:00","mainEntityOfPage":{"@id":"https:\/\/www.generaltransport.rs\/de\/warentransport-nach-frankreich\/"},"wordCount":382,"publisher":{"@id":"https:\/\/www.generaltransport.rs\/de\/#organization"},"articleSection":["Internationaler Transport"],"inLanguage":"de"},{"@type":"WebPage","@id":"https:\/\/www.generaltransport.rs\/de\/warentransport-nach-frankreich\/","url":"https:\/\/www.generaltransport.rs\/de\/warentransport-nach-frankreich\/","name":"Warentransport nach Frankreich - General Transport","isPartOf":{"@id":"https:\/\/www.generaltransport.rs\/de\/#website"},"datePublished":"2026-01-16T13:57:41+00:00","breadcrumb":{"@id":"https:\/\/www.generaltransport.rs\/de\/warentransport-nach-frankreich\/#breadcrumb"},"inLanguage":"de","potentialAction":[{"@type":"ReadAction","target":["https:\/\/www.generaltransport.rs\/de\/warentransport-nach-frankreich\/"]}]},{"@type":"BreadcrumbList","@id":"https:\/\/www.generaltransport.rs\/de\/warentransport-nach-frankreich\/#breadcrumb","itemListElement":[{"@type":"ListItem","position":1,"name":"Home","item":"https:\/\/www.generaltransport.rs\/de\/"},{"@type":"ListItem","position":2,"name":"Warentransport nach Frankreich"}]},{"@type":"WebSite","@id":"https:\/\/www.generaltransport.rs\/de\/#website","url":"https:\/\/www.generaltransport.rs\/de\/","name":"General Transport","description":"Me\u0111unarodni transport robe i logistika","publisher":{"@id":"https:\/\/www.generaltransport.rs\/de\/#organization"},"potentialAction":[{"@type":"SearchAction","target":{"@type":"EntryPoint","urlTemplate":"https:\/\/www.generaltransport.rs\/de\/?s={search_term_string}"},"query-input":{"@type":"PropertyValueSpecification","valueRequired":true,"valueName":"search_term_string"}}],"inLanguage":"de"},{"@type":"Organization","@id":"https:\/\/www.generaltransport.rs\/de\/#organization","name":"General Transport","url":"https:\/\/www.generaltransport.rs\/de\/","logo":{"@type":"ImageObject","inLanguage":"de","@id":"https:\/\/www.generaltransport.rs\/de\/#\/schema\/logo\/image\/","url":"https:\/\/www.generaltransport.rs\/wp-content\/uploads\/2019\/11\/cropped-GT-site-logo-1-1.jpg","contentUrl":"https:\/\/www.generaltransport.rs\/wp-content\/uploads\/2019\/11\/cropped-GT-site-logo-1-1.jpg","width":240,"height":59,"caption":"General Transport"},"image":{"@id":"https:\/\/www.generaltransport.rs\/de\/#\/schema\/logo\/image\/"}},{"@type":"Person","@id":"https:\/\/www.generaltransport.rs\/de\/#\/schema\/person\/0e48edc24cd7d46280e805af0f8abba1","name":"\u0110urko \u0160umi\u0107","image":{"@type":"ImageObject","inLanguage":"de","@id":"https:\/\/secure.gravatar.com\/avatar\/773cee9967b85f31c2c0a158f21fb44d02b8dd8a514ce79b53468d59a03b1f8d?s=96&d=mm&r=g","url":"https:\/\/secure.gravatar.com\/avatar\/773cee9967b85f31c2c0a158f21fb44d02b8dd8a514ce79b53468d59a03b1f8d?s=96&d=mm&r=g","contentUrl":"https:\/\/secure.gravatar.com\/avatar\/773cee9967b85f31c2c0a158f21fb44d02b8dd8a514ce79b53468d59a03b1f8d?s=96&d=mm&r=g","caption":"\u0110urko \u0160umi\u0107"},"url":"https:\/\/www.generaltransport.rs\/de\/author\/djurko\/"}]}},"_links":{"self":[{"href":"https:\/\/www.generaltransport.rs\/de\/wp-json\/wp\/v2\/posts\/3795","targetHints":{"allow":["GET"]}}],"collection":[{"href":"https:\/\/www.generaltransport.rs\/de\/wp-json\/wp\/v2\/posts"}],"about":[{"href":"https:\/\/www.generaltransport.rs\/de\/wp-json\/wp\/v2\/types\/post"}],"author":[{"embeddable":true,"href":"https:\/\/www.generaltransport.rs\/de\/wp-json\/wp\/v2\/users\/1"}],"replies":[{"embeddable":true,"href":"https:\/\/www.generaltransport.rs\/de\/wp-json\/wp\/v2\/comments?post=3795"}],"version-history":[{"count":1,"href":"https:\/\/www.generaltransport.rs\/de\/wp-json\/wp\/v2\/posts\/3795\/revisions"}],"predecessor-version":[{"id":3796,"href":"https:\/\/www.generaltransport.rs\/de\/wp-json\/wp\/v2\/posts\/3795\/revisions\/3796"}],"wp:attachment":[{"href":"https:\/\/www.generaltransport.rs\/de\/wp-json\/wp\/v2\/media?parent=3795"}],"wp:term":[{"taxonomy":"category","embeddable":true,"href":"https:\/\/www.generaltransport.rs\/de\/wp-json\/wp\/v2\/categories?post=3795"},{"taxonomy":"post_tag","embeddable":true,"href":"https:\/\/www.generaltransport.rs\/de\/wp-json\/wp\/v2\/tags?post=3795"}],"curies":[{"name":"wp","href":"https:\/\/api.w.org\/{rel}","templated":true}]}}