{"id":3799,"date":"2026-01-16T15:02:41","date_gmt":"2026-01-16T14:02:41","guid":{"rendered":"https:\/\/www.generaltransport.rs\/?p=3799"},"modified":"2026-01-16T15:02:41","modified_gmt":"2026-01-16T14:02:41","slug":"warentransport-in-die-niederlande","status":"publish","type":"post","link":"https:\/\/www.generaltransport.rs\/de\/warentransport-in-die-niederlande\/","title":{"rendered":"Warentransport in die Niederlande"},"content":{"rendered":"<p>Die Niederlande sind die sechstgr\u00f6\u00dfte Volkswirtschaft in Europa. Sie z\u00e4hlen zu den reichsten L\u00e4ndern der Welt und haben das BIP pro Kopf von 53.600 USD. Obwohl es sich um ein relativ kleines Land handelt, spielen die Niederlande eine wichtige Rolle als europ\u00e4ischer Verkehrsknotenpunkt. Sie haben einen hohen Handels\u00fcberschuss, eine stabile Industrie und eine niedrige Arbeitslosigkeit.<\/p>\n<p>Der wirtschaftliche Austausch zwischen Serbien und den Niederlanden wird immer besser und Ende letzten Jahres lag der \u00dcberschuss sowohl bei Waren als auch bei Dienstleistungen auf der Seite Serbiens.<\/p>\n<p>Falls Sie in die Niederlande importieren oder exportieren m\u00fcssen oder die Logistik Ihres Gesch\u00e4fts mit den Niederlanden verbessern m\u00f6chten, brauchen Sie einen zuverl\u00e4ssigen und verantwortungsbewussten Partner.<\/p>\n<h2>Wir bieten ein Fahrzeug, das die Bed\u00fcrfnisse Ihrer Waren erf\u00fcllt<\/h2>\n<p>Wir haben derzeit 20 neue Fahrzeuge in unserer Flotte. Der Fiat Van kann 5 Euro Paletten bis 1300 kg laden, w\u00e4hrend der Renault Master Van mit der Plane bis zu 8 Euro Paletten bis 1200 kg laden kann. Wenn die Gr\u00f6\u00dfe Ihrer Waren die Leistung unserer Flotte \u00fcbersteigt, stellt das f\u00fcr uns kein Problem dar. Dank unserer Gesch\u00e4ftspartner finden wir immer ein Fahrzeug, das den Anforderungen Ihrer Waren entspricht. Die Fahrzeuge sind mit modernster Ausstattung und GPS-Tracking versehen. Wir sind der Meinung, dass ein sehr wichtiger Punkt die technische Korrektheit des Fahrzeugs ist. Wir reduzieren das Risiko eines Ausfalls auf ein Minimum.<\/p>\n<p>Jede Anfrage f\u00fcr die Zusammenarbeit, die wir empfangen, wird sobald wie m\u00f6glich verarbeitet, egal ob es sich um eine kleine Sendung oder eine gr\u00f6\u00dfere Ladung handelt.<\/p>\n<p>In Absprache mit Ihnen holen wir die Ware an einem bestimmten Ort ab und bringen sie so schnell wie m\u00f6glich an den gew\u00fcnschten Bestimmungsort. Wir verpacken die Waren und bereiten sie f\u00fcr den Transport vor, f\u00fchren das Be- und Entladen durch. Zus\u00e4tzlich zu unseren Dienstleistungen bieten wir auch die Zollvermittlung und Erledigung der Zollverfahren an.<\/p>\n<h2>Warentransport in die Niederlande zu g\u00fcnstigen Preisen<\/h2>\n<p>Da wir auf der Strecke Niederlande &#8211; Serbien und Serbien &#8211; Niederlande h\u00e4ufig regelm\u00e4\u00dfige Sammellinien organisieren, k\u00f6nnen wir Ihnen \u00e4u\u00dferst erschwingliche und wettbewerbsf\u00e4hige Transportpreise anbieten. Wir sind \u00e4u\u00dferst flexibel. Unser Transportservice ist schnell und zuverl\u00e4ssig. Wir sind f\u00fcr Sie da, auch wenn Sie eine schnelle Lieferung in die oder aus den Niederlanden brauchen. Sie k\u00f6nnen ruhig und sicher sein, die Ware wird zum vereinbarten Zeitpunkt, am vereinbarten Ort und in einwandfreiem Zustand geliefert.<\/p>\n<p>&#8222;General Transport&#8220; steht Ihnen zur Verf\u00fcgung, wenn Sie Hilfe bei der Beschaffung aller f\u00fcr den Au\u00dfenhandel mit den Niederlanden erforderlichen Transportdokumente ben\u00f6tigen. Kontaktieren Sie uns und und stellen Sie sicher, dass unsere Dienstleistungen effizient, zuverl\u00e4ssig und professionell sind.<\/p>\n","protected":false},"excerpt":{"rendered":"<p>Die Niederlande sind die sechstgr\u00f6\u00dfte Volkswirtschaft in Europa. Sie z\u00e4hlen zu den reichsten L\u00e4ndern der Welt und haben das BIP pro Kopf von 53.600 USD. Obwohl es sich um ein relativ kleines Land handelt, spielen die Niederlande eine wichtige Rolle als europ\u00e4ischer Verkehrsknotenpunkt. Sie haben einen hohen Handels\u00fcberschuss, eine stabile Industrie und eine niedrige Arbeitslosigkeit. &hellip; <\/p>\n<p class=\"link-more\"><a href=\"https:\/\/www.generaltransport.rs\/de\/warentransport-in-die-niederlande\/\" class=\"more-link\">Continue reading<span class=\"screen-reader-text\"> &#8222;Warentransport in die Niederlande&#8220;<\/span><\/a><\/p>\n","protected":false},"author":1,"featured_media":0,"comment_status":"closed","ping_status":"open","sticky":false,"template":"","format":"standard","meta":{"footnotes":""},"categories":[314],"tags":[],"class_list":["post-3799","post","type-post","status-publish","format-standard","hentry","category-internationaler-transport"],"yoast_head":"<!-- This site is optimized with the Yoast SEO plugin v27.3 - https:\/\/yoast.com\/product\/yoast-seo-wordpress\/ -->\n<title>Warentransport in die Niederlande - General Transport<\/title>\n<meta name=\"robots\" content=\"index, follow, max-snippet:-1, max-image-preview:large, max-video-preview:-1\" \/>\n<link rel=\"canonical\" href=\"https:\/\/www.generaltransport.rs\/de\/warentransport-in-die-niederlande\/\" \/>\n<meta property=\"og:locale\" content=\"de_DE\" \/>\n<meta property=\"og:type\" content=\"article\" \/>\n<meta property=\"og:title\" content=\"Warentransport in die Niederlande - General Transport\" \/>\n<meta property=\"og:description\" content=\"Die Niederlande sind die sechstgr\u00f6\u00dfte Volkswirtschaft in Europa. Sie z\u00e4hlen zu den reichsten L\u00e4ndern der Welt und haben das BIP pro Kopf von 53.600 USD. Obwohl es sich um ein relativ kleines Land handelt, spielen die Niederlande eine wichtige Rolle als europ\u00e4ischer Verkehrsknotenpunkt. Sie haben einen hohen Handels\u00fcberschuss, eine stabile Industrie und eine niedrige Arbeitslosigkeit. &hellip; Continue reading &quot;Warentransport in die Niederlande&quot;\" \/>\n<meta property=\"og:url\" content=\"https:\/\/www.generaltransport.rs\/de\/warentransport-in-die-niederlande\/\" \/>\n<meta property=\"og:site_name\" content=\"General Transport\" \/>\n<meta property=\"article:published_time\" content=\"2026-01-16T14:02:41+00:00\" \/>\n<meta name=\"author\" content=\"\u0110urko \u0160umi\u0107\" \/>\n<meta name=\"twitter:card\" content=\"summary_large_image\" \/>\n<meta name=\"twitter:label1\" content=\"Verfasst von\" \/>\n\t<meta name=\"twitter:data1\" content=\"\u0110urko \u0160umi\u0107\" \/>\n\t<meta name=\"twitter:label2\" content=\"Gesch\u00e4tzte Lesezeit\" \/>\n\t<meta name=\"twitter:data2\" content=\"2\u00a0Minuten\" \/>\n<script type=\"application\/ld+json\" class=\"yoast-schema-graph\">{\"@context\":\"https:\\\/\\\/schema.org\",\"@graph\":[{\"@type\":\"Article\",\"@id\":\"https:\\\/\\\/www.generaltransport.rs\\\/de\\\/warentransport-in-die-niederlande\\\/#article\",\"isPartOf\":{\"@id\":\"https:\\\/\\\/www.generaltransport.rs\\\/de\\\/warentransport-in-die-niederlande\\\/\"},\"author\":{\"name\":\"\u0110urko \u0160umi\u0107\",\"@id\":\"https:\\\/\\\/www.generaltransport.rs\\\/de\\\/#\\\/schema\\\/person\\\/0e48edc24cd7d46280e805af0f8abba1\"},\"headline\":\"Warentransport in die Niederlande\",\"datePublished\":\"2026-01-16T14:02:41+00:00\",\"mainEntityOfPage\":{\"@id\":\"https:\\\/\\\/www.generaltransport.rs\\\/de\\\/warentransport-in-die-niederlande\\\/\"},\"wordCount\":457,\"publisher\":{\"@id\":\"https:\\\/\\\/www.generaltransport.rs\\\/de\\\/#organization\"},\"articleSection\":[\"Internationaler Transport\"],\"inLanguage\":\"de\"},{\"@type\":\"WebPage\",\"@id\":\"https:\\\/\\\/www.generaltransport.rs\\\/de\\\/warentransport-in-die-niederlande\\\/\",\"url\":\"https:\\\/\\\/www.generaltransport.rs\\\/de\\\/warentransport-in-die-niederlande\\\/\",\"name\":\"Warentransport in die Niederlande - General Transport\",\"isPartOf\":{\"@id\":\"https:\\\/\\\/www.generaltransport.rs\\\/de\\\/#website\"},\"datePublished\":\"2026-01-16T14:02:41+00:00\",\"breadcrumb\":{\"@id\":\"https:\\\/\\\/www.generaltransport.rs\\\/de\\\/warentransport-in-die-niederlande\\\/#breadcrumb\"},\"inLanguage\":\"de\",\"potentialAction\":[{\"@type\":\"ReadAction\",\"target\":[\"https:\\\/\\\/www.generaltransport.rs\\\/de\\\/warentransport-in-die-niederlande\\\/\"]}]},{\"@type\":\"BreadcrumbList\",\"@id\":\"https:\\\/\\\/www.generaltransport.rs\\\/de\\\/warentransport-in-die-niederlande\\\/#breadcrumb\",\"itemListElement\":[{\"@type\":\"ListItem\",\"position\":1,\"name\":\"Home\",\"item\":\"https:\\\/\\\/www.generaltransport.rs\\\/de\\\/\"},{\"@type\":\"ListItem\",\"position\":2,\"name\":\"Warentransport in die Niederlande\"}]},{\"@type\":\"WebSite\",\"@id\":\"https:\\\/\\\/www.generaltransport.rs\\\/de\\\/#website\",\"url\":\"https:\\\/\\\/www.generaltransport.rs\\\/de\\\/\",\"name\":\"General Transport\",\"description\":\"Me\u0111unarodni transport robe i logistika\",\"publisher\":{\"@id\":\"https:\\\/\\\/www.generaltransport.rs\\\/de\\\/#organization\"},\"potentialAction\":[{\"@type\":\"SearchAction\",\"target\":{\"@type\":\"EntryPoint\",\"urlTemplate\":\"https:\\\/\\\/www.generaltransport.rs\\\/de\\\/?s={search_term_string}\"},\"query-input\":{\"@type\":\"PropertyValueSpecification\",\"valueRequired\":true,\"valueName\":\"search_term_string\"}}],\"inLanguage\":\"de\"},{\"@type\":\"Organization\",\"@id\":\"https:\\\/\\\/www.generaltransport.rs\\\/de\\\/#organization\",\"name\":\"General Transport\",\"url\":\"https:\\\/\\\/www.generaltransport.rs\\\/de\\\/\",\"logo\":{\"@type\":\"ImageObject\",\"inLanguage\":\"de\",\"@id\":\"https:\\\/\\\/www.generaltransport.rs\\\/de\\\/#\\\/schema\\\/logo\\\/image\\\/\",\"url\":\"https:\\\/\\\/www.generaltransport.rs\\\/wp-content\\\/uploads\\\/2019\\\/11\\\/cropped-GT-site-logo-1-1.jpg\",\"contentUrl\":\"https:\\\/\\\/www.generaltransport.rs\\\/wp-content\\\/uploads\\\/2019\\\/11\\\/cropped-GT-site-logo-1-1.jpg\",\"width\":240,\"height\":59,\"caption\":\"General Transport\"},\"image\":{\"@id\":\"https:\\\/\\\/www.generaltransport.rs\\\/de\\\/#\\\/schema\\\/logo\\\/image\\\/\"}},{\"@type\":\"Person\",\"@id\":\"https:\\\/\\\/www.generaltransport.rs\\\/de\\\/#\\\/schema\\\/person\\\/0e48edc24cd7d46280e805af0f8abba1\",\"name\":\"\u0110urko \u0160umi\u0107\",\"image\":{\"@type\":\"ImageObject\",\"inLanguage\":\"de\",\"@id\":\"https:\\\/\\\/secure.gravatar.com\\\/avatar\\\/773cee9967b85f31c2c0a158f21fb44d02b8dd8a514ce79b53468d59a03b1f8d?s=96&d=mm&r=g\",\"url\":\"https:\\\/\\\/secure.gravatar.com\\\/avatar\\\/773cee9967b85f31c2c0a158f21fb44d02b8dd8a514ce79b53468d59a03b1f8d?s=96&d=mm&r=g\",\"contentUrl\":\"https:\\\/\\\/secure.gravatar.com\\\/avatar\\\/773cee9967b85f31c2c0a158f21fb44d02b8dd8a514ce79b53468d59a03b1f8d?s=96&d=mm&r=g\",\"caption\":\"\u0110urko \u0160umi\u0107\"},\"url\":\"https:\\\/\\\/www.generaltransport.rs\\\/de\\\/author\\\/djurko\\\/\"}]}<\/script>\n<!-- \/ Yoast SEO plugin. -->","yoast_head_json":{"title":"Warentransport in die Niederlande - General Transport","robots":{"index":"index","follow":"follow","max-snippet":"max-snippet:-1","max-image-preview":"max-image-preview:large","max-video-preview":"max-video-preview:-1"},"canonical":"https:\/\/www.generaltransport.rs\/de\/warentransport-in-die-niederlande\/","og_locale":"de_DE","og_type":"article","og_title":"Warentransport in die Niederlande - General Transport","og_description":"Die Niederlande sind die sechstgr\u00f6\u00dfte Volkswirtschaft in Europa. Sie z\u00e4hlen zu den reichsten L\u00e4ndern der Welt und haben das BIP pro Kopf von 53.600 USD. Obwohl es sich um ein relativ kleines Land handelt, spielen die Niederlande eine wichtige Rolle als europ\u00e4ischer Verkehrsknotenpunkt. Sie haben einen hohen Handels\u00fcberschuss, eine stabile Industrie und eine niedrige Arbeitslosigkeit. &hellip; Continue reading \"Warentransport in die Niederlande\"","og_url":"https:\/\/www.generaltransport.rs\/de\/warentransport-in-die-niederlande\/","og_site_name":"General Transport","article_published_time":"2026-01-16T14:02:41+00:00","author":"\u0110urko \u0160umi\u0107","twitter_card":"summary_large_image","twitter_misc":{"Verfasst von":"\u0110urko \u0160umi\u0107","Gesch\u00e4tzte Lesezeit":"2\u00a0Minuten"},"schema":{"@context":"https:\/\/schema.org","@graph":[{"@type":"Article","@id":"https:\/\/www.generaltransport.rs\/de\/warentransport-in-die-niederlande\/#article","isPartOf":{"@id":"https:\/\/www.generaltransport.rs\/de\/warentransport-in-die-niederlande\/"},"author":{"name":"\u0110urko \u0160umi\u0107","@id":"https:\/\/www.generaltransport.rs\/de\/#\/schema\/person\/0e48edc24cd7d46280e805af0f8abba1"},"headline":"Warentransport in die Niederlande","datePublished":"2026-01-16T14:02:41+00:00","mainEntityOfPage":{"@id":"https:\/\/www.generaltransport.rs\/de\/warentransport-in-die-niederlande\/"},"wordCount":457,"publisher":{"@id":"https:\/\/www.generaltransport.rs\/de\/#organization"},"articleSection":["Internationaler Transport"],"inLanguage":"de"},{"@type":"WebPage","@id":"https:\/\/www.generaltransport.rs\/de\/warentransport-in-die-niederlande\/","url":"https:\/\/www.generaltransport.rs\/de\/warentransport-in-die-niederlande\/","name":"Warentransport in die Niederlande - General Transport","isPartOf":{"@id":"https:\/\/www.generaltransport.rs\/de\/#website"},"datePublished":"2026-01-16T14:02:41+00:00","breadcrumb":{"@id":"https:\/\/www.generaltransport.rs\/de\/warentransport-in-die-niederlande\/#breadcrumb"},"inLanguage":"de","potentialAction":[{"@type":"ReadAction","target":["https:\/\/www.generaltransport.rs\/de\/warentransport-in-die-niederlande\/"]}]},{"@type":"BreadcrumbList","@id":"https:\/\/www.generaltransport.rs\/de\/warentransport-in-die-niederlande\/#breadcrumb","itemListElement":[{"@type":"ListItem","position":1,"name":"Home","item":"https:\/\/www.generaltransport.rs\/de\/"},{"@type":"ListItem","position":2,"name":"Warentransport in die Niederlande"}]},{"@type":"WebSite","@id":"https:\/\/www.generaltransport.rs\/de\/#website","url":"https:\/\/www.generaltransport.rs\/de\/","name":"General Transport","description":"Me\u0111unarodni transport robe i logistika","publisher":{"@id":"https:\/\/www.generaltransport.rs\/de\/#organization"},"potentialAction":[{"@type":"SearchAction","target":{"@type":"EntryPoint","urlTemplate":"https:\/\/www.generaltransport.rs\/de\/?s={search_term_string}"},"query-input":{"@type":"PropertyValueSpecification","valueRequired":true,"valueName":"search_term_string"}}],"inLanguage":"de"},{"@type":"Organization","@id":"https:\/\/www.generaltransport.rs\/de\/#organization","name":"General Transport","url":"https:\/\/www.generaltransport.rs\/de\/","logo":{"@type":"ImageObject","inLanguage":"de","@id":"https:\/\/www.generaltransport.rs\/de\/#\/schema\/logo\/image\/","url":"https:\/\/www.generaltransport.rs\/wp-content\/uploads\/2019\/11\/cropped-GT-site-logo-1-1.jpg","contentUrl":"https:\/\/www.generaltransport.rs\/wp-content\/uploads\/2019\/11\/cropped-GT-site-logo-1-1.jpg","width":240,"height":59,"caption":"General Transport"},"image":{"@id":"https:\/\/www.generaltransport.rs\/de\/#\/schema\/logo\/image\/"}},{"@type":"Person","@id":"https:\/\/www.generaltransport.rs\/de\/#\/schema\/person\/0e48edc24cd7d46280e805af0f8abba1","name":"\u0110urko \u0160umi\u0107","image":{"@type":"ImageObject","inLanguage":"de","@id":"https:\/\/secure.gravatar.com\/avatar\/773cee9967b85f31c2c0a158f21fb44d02b8dd8a514ce79b53468d59a03b1f8d?s=96&d=mm&r=g","url":"https:\/\/secure.gravatar.com\/avatar\/773cee9967b85f31c2c0a158f21fb44d02b8dd8a514ce79b53468d59a03b1f8d?s=96&d=mm&r=g","contentUrl":"https:\/\/secure.gravatar.com\/avatar\/773cee9967b85f31c2c0a158f21fb44d02b8dd8a514ce79b53468d59a03b1f8d?s=96&d=mm&r=g","caption":"\u0110urko \u0160umi\u0107"},"url":"https:\/\/www.generaltransport.rs\/de\/author\/djurko\/"}]}},"_links":{"self":[{"href":"https:\/\/www.generaltransport.rs\/de\/wp-json\/wp\/v2\/posts\/3799","targetHints":{"allow":["GET"]}}],"collection":[{"href":"https:\/\/www.generaltransport.rs\/de\/wp-json\/wp\/v2\/posts"}],"about":[{"href":"https:\/\/www.generaltransport.rs\/de\/wp-json\/wp\/v2\/types\/post"}],"author":[{"embeddable":true,"href":"https:\/\/www.generaltransport.rs\/de\/wp-json\/wp\/v2\/users\/1"}],"replies":[{"embeddable":true,"href":"https:\/\/www.generaltransport.rs\/de\/wp-json\/wp\/v2\/comments?post=3799"}],"version-history":[{"count":1,"href":"https:\/\/www.generaltransport.rs\/de\/wp-json\/wp\/v2\/posts\/3799\/revisions"}],"predecessor-version":[{"id":3800,"href":"https:\/\/www.generaltransport.rs\/de\/wp-json\/wp\/v2\/posts\/3799\/revisions\/3800"}],"wp:attachment":[{"href":"https:\/\/www.generaltransport.rs\/de\/wp-json\/wp\/v2\/media?parent=3799"}],"wp:term":[{"taxonomy":"category","embeddable":true,"href":"https:\/\/www.generaltransport.rs\/de\/wp-json\/wp\/v2\/categories?post=3799"},{"taxonomy":"post_tag","embeddable":true,"href":"https:\/\/www.generaltransport.rs\/de\/wp-json\/wp\/v2\/tags?post=3799"}],"curies":[{"name":"wp","href":"https:\/\/api.w.org\/{rel}","templated":true}]}}