{"id":3803,"date":"2026-01-16T15:10:54","date_gmt":"2026-01-16T14:10:54","guid":{"rendered":"https:\/\/www.generaltransport.rs\/?p=3803"},"modified":"2026-01-16T15:10:54","modified_gmt":"2026-01-16T14:10:54","slug":"warentransport-nach-belgien","status":"publish","type":"post","link":"https:\/\/www.generaltransport.rs\/de\/warentransport-nach-belgien\/","title":{"rendered":"Warentransport nach Belgien"},"content":{"rendered":"<p>Belgien verf\u00fcgt \u00fcber ein \u00e4u\u00dferst dichtes und modernes Netz sehr gut beleuchteter Stra\u00dfen. Nach Deutschland und Italien sind die Benelux-L\u00e4nder die h\u00e4ufigsten Ziele, wenn es sich um den LKW-Transport nach Serbien handelt.<\/p>\n<p>In den vergangenen Jahren hat der Handel zwischen Belgien und Serbien Fortschritte gemacht. Die wirtschaftliche Zusammenarbeit zwischen den beiden L\u00e4ndern wird immer st\u00e4rker. Im Jahr 2018 belief sich der Handel auf insgesamt 518,6 Millionen Euro.<\/p>\n<p>In den ersten acht Monaten des Jahres 2019 wurde im Vergleich zum Vorjahreszeitraum ein Wachstum von 10 Prozent verzeichnet und der Wachstumstrend bei Importen und Exporten geht weiterhin in eine positive Richtung.<\/p>\n<p>Wenn Sie nach Belgien importieren oder exportieren m\u00fcssen oder die Logistik Ihres Gesch\u00e4fts mit Belgien verbessern m\u00f6chten, ben\u00f6tigen Sie einen zuverl\u00e4ssigen und verantwortungsbewussten Partner.<\/p>\n<p>Wir sind Ihr starker Partner f\u00fcr den Warentransport von Belgien oder nach Belgien. Egal ob es sich um Privatpersonen oder Unternehmen handelt, ob es sich um kleine Pakete oder volle LKWs handelt, vereinfachen wie Ihren Warenfluss und optimieren Ihre Transportkosten.<\/p>\n<p>Mit uns wird Ihre Ware unbesch\u00e4digt und zur richtigen Zeit am richtigen Ort ankommen.<\/p>\n<p>Wir bieten Ihnen ein Fahrzeug, das den Bed\u00fcrfnissen Ihrer Waren entspricht.<\/p>\n<p>Wir haben zurzeit 20 neue Fahrzeuge in unserer Flotte. Der Fiat Van kann 5 Euro Paletten bis 1300 kg laden, w\u00e4hrend der Renault Master Van mit der Abdeckplane bis zu 8 Euro Paletten bis 1200 kg laden kann.<\/p>\n<p>Falls die Leistung unserer Flotte wegen der Gr\u00f6\u00dfe Ihrer Waren nicht mehr m\u00f6glich ist, ist das f\u00fcr uns kein Problem. Dank unserer Gesch\u00e4ftspartner finden wir immer ein Fahrzeug, das den Anforderungen Ihrer Waren entspricht. Die Fahrzeuge sind mit modernster Ausstattung und GPS-Tracking versehen. Wir glauben auch, dass ein sehr wichtiger Punkt die technische Korrektheit des Fahrzeugs ist, so dass wir das Risiko eines Ausfalls auf ein Minimum reduzieren.<\/p>\n<p>Jede Anfrage zur Zusammenarbeit, die wir erhalten, wird so schnell wie m\u00f6glich bearbeitet, egal ob es sich um eine kleine Sendung oder eine gr\u00f6\u00dfere Fracht handelt.<\/p>\n<p>In Absprache mit Ihnen holen wir die Ware an einem bestimmten Ort ab und bringen sie so schnell wie m\u00f6glich an den gew\u00fcnschten Bestimmungsort. Wir verpacken die Waren und bereiten sie f\u00fcr den Transport vor, f\u00fchren das Be- und Entladen durch. Zus\u00e4tzlich zu unseren Dienstleistungen bieten wir auch die Zollvermittlung und Erledigung der Zollverfahren an.<\/p>\n<p>&#8222;General Transport&#8220; steht Ihnen zur Verf\u00fcgung, auch wenn Sie Hilfe bei der Ausstellung und Beschaffung aller f\u00fcr den Au\u00dfenhandel mit Belgien erforderlichen Transportdokumente ben\u00f6tigen. Kontaktieren Sie uns und stellen Sie die Qualit\u00e4t und Effizienz unserer Dienstleistungen sicher.<\/p>\n","protected":false},"excerpt":{"rendered":"<p>Belgien verf\u00fcgt \u00fcber ein \u00e4u\u00dferst dichtes und modernes Netz sehr gut beleuchteter Stra\u00dfen. Nach Deutschland und Italien sind die Benelux-L\u00e4nder die h\u00e4ufigsten Ziele, wenn es sich um den LKW-Transport nach Serbien handelt. In den vergangenen Jahren hat der Handel zwischen Belgien und Serbien Fortschritte gemacht. Die wirtschaftliche Zusammenarbeit zwischen den beiden L\u00e4ndern wird immer st\u00e4rker. &hellip; <\/p>\n<p class=\"link-more\"><a href=\"https:\/\/www.generaltransport.rs\/de\/warentransport-nach-belgien\/\" class=\"more-link\">Continue reading<span class=\"screen-reader-text\"> &#8222;Warentransport nach Belgien&#8220;<\/span><\/a><\/p>\n","protected":false},"author":1,"featured_media":0,"comment_status":"closed","ping_status":"open","sticky":false,"template":"","format":"standard","meta":{"footnotes":""},"categories":[335],"tags":[],"class_list":["post-3803","post","type-post","status-publish","format-standard","hentry","category-internationaler-transport-de"],"yoast_head":"<!-- This site is optimized with the Yoast SEO plugin v27.3 - https:\/\/yoast.com\/product\/yoast-seo-wordpress\/ -->\n<title>Warentransport nach Belgien - General Transport<\/title>\n<meta name=\"robots\" content=\"index, follow, max-snippet:-1, max-image-preview:large, max-video-preview:-1\" \/>\n<link rel=\"canonical\" href=\"https:\/\/www.generaltransport.rs\/de\/warentransport-nach-belgien\/\" \/>\n<meta property=\"og:locale\" content=\"de_DE\" \/>\n<meta property=\"og:type\" content=\"article\" \/>\n<meta property=\"og:title\" content=\"Warentransport nach Belgien - General Transport\" \/>\n<meta property=\"og:description\" content=\"Belgien verf\u00fcgt \u00fcber ein \u00e4u\u00dferst dichtes und modernes Netz sehr gut beleuchteter Stra\u00dfen. Nach Deutschland und Italien sind die Benelux-L\u00e4nder die h\u00e4ufigsten Ziele, wenn es sich um den LKW-Transport nach Serbien handelt. In den vergangenen Jahren hat der Handel zwischen Belgien und Serbien Fortschritte gemacht. Die wirtschaftliche Zusammenarbeit zwischen den beiden L\u00e4ndern wird immer st\u00e4rker. &hellip; Continue reading &quot;Warentransport nach Belgien&quot;\" \/>\n<meta property=\"og:url\" content=\"https:\/\/www.generaltransport.rs\/de\/warentransport-nach-belgien\/\" \/>\n<meta property=\"og:site_name\" content=\"General Transport\" \/>\n<meta property=\"article:published_time\" content=\"2026-01-16T14:10:54+00:00\" \/>\n<meta name=\"author\" content=\"\u0110urko \u0160umi\u0107\" \/>\n<meta name=\"twitter:card\" content=\"summary_large_image\" \/>\n<meta name=\"twitter:label1\" content=\"Verfasst von\" \/>\n\t<meta name=\"twitter:data1\" content=\"\u0110urko \u0160umi\u0107\" \/>\n\t<meta name=\"twitter:label2\" content=\"Gesch\u00e4tzte Lesezeit\" \/>\n\t<meta name=\"twitter:data2\" content=\"2\u00a0Minuten\" \/>\n<script type=\"application\/ld+json\" class=\"yoast-schema-graph\">{\"@context\":\"https:\\\/\\\/schema.org\",\"@graph\":[{\"@type\":\"Article\",\"@id\":\"https:\\\/\\\/www.generaltransport.rs\\\/de\\\/warentransport-nach-belgien\\\/#article\",\"isPartOf\":{\"@id\":\"https:\\\/\\\/www.generaltransport.rs\\\/de\\\/warentransport-nach-belgien\\\/\"},\"author\":{\"name\":\"\u0110urko \u0160umi\u0107\",\"@id\":\"https:\\\/\\\/www.generaltransport.rs\\\/de\\\/#\\\/schema\\\/person\\\/0e48edc24cd7d46280e805af0f8abba1\"},\"headline\":\"Warentransport nach Belgien\",\"datePublished\":\"2026-01-16T14:10:54+00:00\",\"mainEntityOfPage\":{\"@id\":\"https:\\\/\\\/www.generaltransport.rs\\\/de\\\/warentransport-nach-belgien\\\/\"},\"wordCount\":438,\"publisher\":{\"@id\":\"https:\\\/\\\/www.generaltransport.rs\\\/de\\\/#organization\"},\"articleSection\":[\"Internationaler Transport\"],\"inLanguage\":\"de\"},{\"@type\":\"WebPage\",\"@id\":\"https:\\\/\\\/www.generaltransport.rs\\\/de\\\/warentransport-nach-belgien\\\/\",\"url\":\"https:\\\/\\\/www.generaltransport.rs\\\/de\\\/warentransport-nach-belgien\\\/\",\"name\":\"Warentransport nach Belgien - General Transport\",\"isPartOf\":{\"@id\":\"https:\\\/\\\/www.generaltransport.rs\\\/de\\\/#website\"},\"datePublished\":\"2026-01-16T14:10:54+00:00\",\"breadcrumb\":{\"@id\":\"https:\\\/\\\/www.generaltransport.rs\\\/de\\\/warentransport-nach-belgien\\\/#breadcrumb\"},\"inLanguage\":\"de\",\"potentialAction\":[{\"@type\":\"ReadAction\",\"target\":[\"https:\\\/\\\/www.generaltransport.rs\\\/de\\\/warentransport-nach-belgien\\\/\"]}]},{\"@type\":\"BreadcrumbList\",\"@id\":\"https:\\\/\\\/www.generaltransport.rs\\\/de\\\/warentransport-nach-belgien\\\/#breadcrumb\",\"itemListElement\":[{\"@type\":\"ListItem\",\"position\":1,\"name\":\"Home\",\"item\":\"https:\\\/\\\/www.generaltransport.rs\\\/de\\\/\"},{\"@type\":\"ListItem\",\"position\":2,\"name\":\"Warentransport nach Belgien\"}]},{\"@type\":\"WebSite\",\"@id\":\"https:\\\/\\\/www.generaltransport.rs\\\/de\\\/#website\",\"url\":\"https:\\\/\\\/www.generaltransport.rs\\\/de\\\/\",\"name\":\"General Transport\",\"description\":\"Me\u0111unarodni transport robe i logistika\",\"publisher\":{\"@id\":\"https:\\\/\\\/www.generaltransport.rs\\\/de\\\/#organization\"},\"potentialAction\":[{\"@type\":\"SearchAction\",\"target\":{\"@type\":\"EntryPoint\",\"urlTemplate\":\"https:\\\/\\\/www.generaltransport.rs\\\/de\\\/?s={search_term_string}\"},\"query-input\":{\"@type\":\"PropertyValueSpecification\",\"valueRequired\":true,\"valueName\":\"search_term_string\"}}],\"inLanguage\":\"de\"},{\"@type\":\"Organization\",\"@id\":\"https:\\\/\\\/www.generaltransport.rs\\\/de\\\/#organization\",\"name\":\"General Transport\",\"url\":\"https:\\\/\\\/www.generaltransport.rs\\\/de\\\/\",\"logo\":{\"@type\":\"ImageObject\",\"inLanguage\":\"de\",\"@id\":\"https:\\\/\\\/www.generaltransport.rs\\\/de\\\/#\\\/schema\\\/logo\\\/image\\\/\",\"url\":\"https:\\\/\\\/www.generaltransport.rs\\\/wp-content\\\/uploads\\\/2019\\\/11\\\/cropped-GT-site-logo-1-1.jpg\",\"contentUrl\":\"https:\\\/\\\/www.generaltransport.rs\\\/wp-content\\\/uploads\\\/2019\\\/11\\\/cropped-GT-site-logo-1-1.jpg\",\"width\":240,\"height\":59,\"caption\":\"General Transport\"},\"image\":{\"@id\":\"https:\\\/\\\/www.generaltransport.rs\\\/de\\\/#\\\/schema\\\/logo\\\/image\\\/\"}},{\"@type\":\"Person\",\"@id\":\"https:\\\/\\\/www.generaltransport.rs\\\/de\\\/#\\\/schema\\\/person\\\/0e48edc24cd7d46280e805af0f8abba1\",\"name\":\"\u0110urko \u0160umi\u0107\",\"image\":{\"@type\":\"ImageObject\",\"inLanguage\":\"de\",\"@id\":\"https:\\\/\\\/secure.gravatar.com\\\/avatar\\\/773cee9967b85f31c2c0a158f21fb44d02b8dd8a514ce79b53468d59a03b1f8d?s=96&d=mm&r=g\",\"url\":\"https:\\\/\\\/secure.gravatar.com\\\/avatar\\\/773cee9967b85f31c2c0a158f21fb44d02b8dd8a514ce79b53468d59a03b1f8d?s=96&d=mm&r=g\",\"contentUrl\":\"https:\\\/\\\/secure.gravatar.com\\\/avatar\\\/773cee9967b85f31c2c0a158f21fb44d02b8dd8a514ce79b53468d59a03b1f8d?s=96&d=mm&r=g\",\"caption\":\"\u0110urko \u0160umi\u0107\"},\"url\":\"https:\\\/\\\/www.generaltransport.rs\\\/de\\\/author\\\/djurko\\\/\"}]}<\/script>\n<!-- \/ Yoast SEO plugin. -->","yoast_head_json":{"title":"Warentransport nach Belgien - General Transport","robots":{"index":"index","follow":"follow","max-snippet":"max-snippet:-1","max-image-preview":"max-image-preview:large","max-video-preview":"max-video-preview:-1"},"canonical":"https:\/\/www.generaltransport.rs\/de\/warentransport-nach-belgien\/","og_locale":"de_DE","og_type":"article","og_title":"Warentransport nach Belgien - General Transport","og_description":"Belgien verf\u00fcgt \u00fcber ein \u00e4u\u00dferst dichtes und modernes Netz sehr gut beleuchteter Stra\u00dfen. Nach Deutschland und Italien sind die Benelux-L\u00e4nder die h\u00e4ufigsten Ziele, wenn es sich um den LKW-Transport nach Serbien handelt. In den vergangenen Jahren hat der Handel zwischen Belgien und Serbien Fortschritte gemacht. Die wirtschaftliche Zusammenarbeit zwischen den beiden L\u00e4ndern wird immer st\u00e4rker. &hellip; Continue reading \"Warentransport nach Belgien\"","og_url":"https:\/\/www.generaltransport.rs\/de\/warentransport-nach-belgien\/","og_site_name":"General Transport","article_published_time":"2026-01-16T14:10:54+00:00","author":"\u0110urko \u0160umi\u0107","twitter_card":"summary_large_image","twitter_misc":{"Verfasst von":"\u0110urko \u0160umi\u0107","Gesch\u00e4tzte Lesezeit":"2\u00a0Minuten"},"schema":{"@context":"https:\/\/schema.org","@graph":[{"@type":"Article","@id":"https:\/\/www.generaltransport.rs\/de\/warentransport-nach-belgien\/#article","isPartOf":{"@id":"https:\/\/www.generaltransport.rs\/de\/warentransport-nach-belgien\/"},"author":{"name":"\u0110urko \u0160umi\u0107","@id":"https:\/\/www.generaltransport.rs\/de\/#\/schema\/person\/0e48edc24cd7d46280e805af0f8abba1"},"headline":"Warentransport nach Belgien","datePublished":"2026-01-16T14:10:54+00:00","mainEntityOfPage":{"@id":"https:\/\/www.generaltransport.rs\/de\/warentransport-nach-belgien\/"},"wordCount":438,"publisher":{"@id":"https:\/\/www.generaltransport.rs\/de\/#organization"},"articleSection":["Internationaler Transport"],"inLanguage":"de"},{"@type":"WebPage","@id":"https:\/\/www.generaltransport.rs\/de\/warentransport-nach-belgien\/","url":"https:\/\/www.generaltransport.rs\/de\/warentransport-nach-belgien\/","name":"Warentransport nach Belgien - General Transport","isPartOf":{"@id":"https:\/\/www.generaltransport.rs\/de\/#website"},"datePublished":"2026-01-16T14:10:54+00:00","breadcrumb":{"@id":"https:\/\/www.generaltransport.rs\/de\/warentransport-nach-belgien\/#breadcrumb"},"inLanguage":"de","potentialAction":[{"@type":"ReadAction","target":["https:\/\/www.generaltransport.rs\/de\/warentransport-nach-belgien\/"]}]},{"@type":"BreadcrumbList","@id":"https:\/\/www.generaltransport.rs\/de\/warentransport-nach-belgien\/#breadcrumb","itemListElement":[{"@type":"ListItem","position":1,"name":"Home","item":"https:\/\/www.generaltransport.rs\/de\/"},{"@type":"ListItem","position":2,"name":"Warentransport nach Belgien"}]},{"@type":"WebSite","@id":"https:\/\/www.generaltransport.rs\/de\/#website","url":"https:\/\/www.generaltransport.rs\/de\/","name":"General Transport","description":"Me\u0111unarodni transport robe i logistika","publisher":{"@id":"https:\/\/www.generaltransport.rs\/de\/#organization"},"potentialAction":[{"@type":"SearchAction","target":{"@type":"EntryPoint","urlTemplate":"https:\/\/www.generaltransport.rs\/de\/?s={search_term_string}"},"query-input":{"@type":"PropertyValueSpecification","valueRequired":true,"valueName":"search_term_string"}}],"inLanguage":"de"},{"@type":"Organization","@id":"https:\/\/www.generaltransport.rs\/de\/#organization","name":"General Transport","url":"https:\/\/www.generaltransport.rs\/de\/","logo":{"@type":"ImageObject","inLanguage":"de","@id":"https:\/\/www.generaltransport.rs\/de\/#\/schema\/logo\/image\/","url":"https:\/\/www.generaltransport.rs\/wp-content\/uploads\/2019\/11\/cropped-GT-site-logo-1-1.jpg","contentUrl":"https:\/\/www.generaltransport.rs\/wp-content\/uploads\/2019\/11\/cropped-GT-site-logo-1-1.jpg","width":240,"height":59,"caption":"General Transport"},"image":{"@id":"https:\/\/www.generaltransport.rs\/de\/#\/schema\/logo\/image\/"}},{"@type":"Person","@id":"https:\/\/www.generaltransport.rs\/de\/#\/schema\/person\/0e48edc24cd7d46280e805af0f8abba1","name":"\u0110urko \u0160umi\u0107","image":{"@type":"ImageObject","inLanguage":"de","@id":"https:\/\/secure.gravatar.com\/avatar\/773cee9967b85f31c2c0a158f21fb44d02b8dd8a514ce79b53468d59a03b1f8d?s=96&d=mm&r=g","url":"https:\/\/secure.gravatar.com\/avatar\/773cee9967b85f31c2c0a158f21fb44d02b8dd8a514ce79b53468d59a03b1f8d?s=96&d=mm&r=g","contentUrl":"https:\/\/secure.gravatar.com\/avatar\/773cee9967b85f31c2c0a158f21fb44d02b8dd8a514ce79b53468d59a03b1f8d?s=96&d=mm&r=g","caption":"\u0110urko \u0160umi\u0107"},"url":"https:\/\/www.generaltransport.rs\/de\/author\/djurko\/"}]}},"_links":{"self":[{"href":"https:\/\/www.generaltransport.rs\/de\/wp-json\/wp\/v2\/posts\/3803","targetHints":{"allow":["GET"]}}],"collection":[{"href":"https:\/\/www.generaltransport.rs\/de\/wp-json\/wp\/v2\/posts"}],"about":[{"href":"https:\/\/www.generaltransport.rs\/de\/wp-json\/wp\/v2\/types\/post"}],"author":[{"embeddable":true,"href":"https:\/\/www.generaltransport.rs\/de\/wp-json\/wp\/v2\/users\/1"}],"replies":[{"embeddable":true,"href":"https:\/\/www.generaltransport.rs\/de\/wp-json\/wp\/v2\/comments?post=3803"}],"version-history":[{"count":1,"href":"https:\/\/www.generaltransport.rs\/de\/wp-json\/wp\/v2\/posts\/3803\/revisions"}],"predecessor-version":[{"id":3804,"href":"https:\/\/www.generaltransport.rs\/de\/wp-json\/wp\/v2\/posts\/3803\/revisions\/3804"}],"wp:attachment":[{"href":"https:\/\/www.generaltransport.rs\/de\/wp-json\/wp\/v2\/media?parent=3803"}],"wp:term":[{"taxonomy":"category","embeddable":true,"href":"https:\/\/www.generaltransport.rs\/de\/wp-json\/wp\/v2\/categories?post=3803"},{"taxonomy":"post_tag","embeddable":true,"href":"https:\/\/www.generaltransport.rs\/de\/wp-json\/wp\/v2\/tags?post=3803"}],"curies":[{"name":"wp","href":"https:\/\/api.w.org\/{rel}","templated":true}]}}