{"id":3809,"date":"2026-01-16T15:16:27","date_gmt":"2026-01-16T14:16:27","guid":{"rendered":"https:\/\/www.generaltransport.rs\/?p=3809"},"modified":"2026-01-16T15:16:27","modified_gmt":"2026-01-16T14:16:27","slug":"warentransport-von-und-nach-tschechien","status":"publish","type":"post","link":"https:\/\/www.generaltransport.rs\/de\/warentransport-von-und-nach-tschechien\/","title":{"rendered":"Warentransport von und nach Tschechien"},"content":{"rendered":"<p>Der Handel zwischen Serbien und der Tschechischen Republik belief sich im Jahr 2015 auf 643 Millionen Euro, wovon die Exporte Serbiens 275,8 Millionen Euro und die Importe 367,2 Millionen Euro betrugen.<\/p>\n<p>In den letzten Jahren ist unser gegenseitiger Handel in allen \u00fcberwachten Parametern systematisch gewachsen. Wichtig ist vor allem die Tatsache, dass in der letzten Zeit neben dem traditionellen Handel auch die gegenseitigen Investitionen zugenommen haben, besonders die Investitionen aus der Tschechischen Republik nach Serbien.<\/p>\n<p>Wenn Sie in die Tschechische Republik importieren oder exportieren m\u00fcssen oder die Logistik Ihres Gesch\u00e4fts mit der Tschechischen Republik verbessern m\u00f6chten, brauchen Sie einen zuverl\u00e4ssigen und verantwortungsbewussten Partner.<\/p>\n<p>Wir sind f\u00fcr Sie da, wenn Sie einen Warentransport aus der Tschechischen Republik oder in die Tschechische Republik ben\u00f6tigen. Egal ob es sich um Privatpersonen oder Unternehmen handelt, ob es sich um kleine Pakete oder volle LKWs handelt, vereinfachen wir Ihren Warenfluss und optimieren Ihre Transportkosten.<\/p>\n<p>Mit uns, Ihrem Fracht- und Rohstofftr\u00e4ger, kommen Ihre Waren unbesch\u00e4digt und zur richtigen Zeit am richtigen Ort an.<\/p>\n<p>Wir bieten Ihnen ein Fahrzeug, das den Bed\u00fcrfnissen Ihrer Waren entspricht.<\/p>\n<p>Wir haben zurzeit 20 neue Fahrzeuge in unserer Flotte. Der Fiat Van kann 5 Euro Paletten bis 1300 kg laden, w\u00e4hrend der Renault Master Van mit der Abdeckplane bis zu 8 Euro Paletten bis 1200 kg laden kann.<\/p>\n<p>Falls die Leistung unserer Flotte wegen der Gr\u00f6\u00dfe Ihrer Waren nicht mehr m\u00f6glich ist, ist das f\u00fcr uns kein Problem. Dank unserer Gesch\u00e4ftspartner finden wir immer ein Fahrzeug, das den Anforderungen Ihrer Waren entspricht. Die Fahrzeuge sind mit modernster Ausstattung und GPS-Tracking versehen. Wir glauben auch, dass ein sehr wichtiger Punkt die technische Korrektheit des Fahrzeugs ist, so dass wir das Risiko eines Ausfalls auf ein Minimum reduzieren.<\/p>\n<p>Jede Anfrage zur Zusammenarbeit, die wir erhalten, wird so schnell wie m\u00f6glich bearbeitet, egal ob es sich um eine kleine Sendung oder eine gr\u00f6\u00dfere Fracht handelt.<\/p>\n<p>In Absprache mit Ihnen holen wir die Ware an einem bestimmten Ort ab und bringen sie so schnell wie m\u00f6glich an den gew\u00fcnschten Bestimmungsort. Wir verpacken die Waren und bereiten sie f\u00fcr den Transport vor, f\u00fchren das Be- und Entladen durch. Zus\u00e4tzlich zu unseren Dienstleistungen bieten wir auch die Zollvermittlung und Erledigung der Zollverfahren an.<\/p>\n<p>&#8222;General Transport&#8220; steht Ihnen zur Verf\u00fcgung auch wenn Sie Hilfe bei der Ausstellung und Beschaffung der Transportdokumente ben\u00f6tigen, die f\u00fcr den Au\u00dfenhandel mit der Tschechischen Republik erforderlich sind. Kontaktieren Sie uns und stellen Sie sicher, dass unsere Dienstleistungen effizient, zuverl\u00e4ssig und professionell sind.<\/p>\n","protected":false},"excerpt":{"rendered":"<p>Der Handel zwischen Serbien und der Tschechischen Republik belief sich im Jahr 2015 auf 643 Millionen Euro, wovon die Exporte Serbiens 275,8 Millionen Euro und die Importe 367,2 Millionen Euro betrugen. In den letzten Jahren ist unser gegenseitiger Handel in allen \u00fcberwachten Parametern systematisch gewachsen. Wichtig ist vor allem die Tatsache, dass in der letzten &hellip; <\/p>\n<p class=\"link-more\"><a href=\"https:\/\/www.generaltransport.rs\/de\/warentransport-von-und-nach-tschechien\/\" class=\"more-link\">Continue reading<span class=\"screen-reader-text\"> &#8222;Warentransport von und nach Tschechien&#8220;<\/span><\/a><\/p>\n","protected":false},"author":1,"featured_media":0,"comment_status":"closed","ping_status":"open","sticky":false,"template":"","format":"standard","meta":{"footnotes":""},"categories":[335],"tags":[],"class_list":["post-3809","post","type-post","status-publish","format-standard","hentry","category-internationaler-transport-de"],"yoast_head":"<!-- This site is optimized with the Yoast SEO plugin v27.3 - https:\/\/yoast.com\/product\/yoast-seo-wordpress\/ -->\n<title>Warentransport von und nach Tschechien - General Transport<\/title>\n<meta name=\"robots\" content=\"index, follow, max-snippet:-1, max-image-preview:large, max-video-preview:-1\" \/>\n<link rel=\"canonical\" href=\"https:\/\/www.generaltransport.rs\/de\/warentransport-von-und-nach-tschechien\/\" \/>\n<meta property=\"og:locale\" content=\"de_DE\" \/>\n<meta property=\"og:type\" content=\"article\" \/>\n<meta property=\"og:title\" content=\"Warentransport von und nach Tschechien - General Transport\" \/>\n<meta property=\"og:description\" content=\"Der Handel zwischen Serbien und der Tschechischen Republik belief sich im Jahr 2015 auf 643 Millionen Euro, wovon die Exporte Serbiens 275,8 Millionen Euro und die Importe 367,2 Millionen Euro betrugen. In den letzten Jahren ist unser gegenseitiger Handel in allen \u00fcberwachten Parametern systematisch gewachsen. Wichtig ist vor allem die Tatsache, dass in der letzten &hellip; Continue reading &quot;Warentransport von und nach Tschechien&quot;\" \/>\n<meta property=\"og:url\" content=\"https:\/\/www.generaltransport.rs\/de\/warentransport-von-und-nach-tschechien\/\" \/>\n<meta property=\"og:site_name\" content=\"General Transport\" \/>\n<meta property=\"article:published_time\" content=\"2026-01-16T14:16:27+00:00\" \/>\n<meta name=\"author\" content=\"\u0110urko \u0160umi\u0107\" \/>\n<meta name=\"twitter:card\" content=\"summary_large_image\" \/>\n<meta name=\"twitter:label1\" content=\"Verfasst von\" \/>\n\t<meta name=\"twitter:data1\" content=\"\u0110urko \u0160umi\u0107\" \/>\n\t<meta name=\"twitter:label2\" content=\"Gesch\u00e4tzte Lesezeit\" \/>\n\t<meta name=\"twitter:data2\" content=\"2\u00a0Minuten\" \/>\n<script type=\"application\/ld+json\" class=\"yoast-schema-graph\">{\"@context\":\"https:\\\/\\\/schema.org\",\"@graph\":[{\"@type\":\"Article\",\"@id\":\"https:\\\/\\\/www.generaltransport.rs\\\/de\\\/warentransport-von-und-nach-tschechien\\\/#article\",\"isPartOf\":{\"@id\":\"https:\\\/\\\/www.generaltransport.rs\\\/de\\\/warentransport-von-und-nach-tschechien\\\/\"},\"author\":{\"name\":\"\u0110urko \u0160umi\u0107\",\"@id\":\"https:\\\/\\\/www.generaltransport.rs\\\/de\\\/#\\\/schema\\\/person\\\/0e48edc24cd7d46280e805af0f8abba1\"},\"headline\":\"Warentransport von und nach Tschechien\",\"datePublished\":\"2026-01-16T14:16:27+00:00\",\"mainEntityOfPage\":{\"@id\":\"https:\\\/\\\/www.generaltransport.rs\\\/de\\\/warentransport-von-und-nach-tschechien\\\/\"},\"wordCount\":430,\"publisher\":{\"@id\":\"https:\\\/\\\/www.generaltransport.rs\\\/de\\\/#organization\"},\"articleSection\":[\"Internationaler Transport\"],\"inLanguage\":\"de\"},{\"@type\":\"WebPage\",\"@id\":\"https:\\\/\\\/www.generaltransport.rs\\\/de\\\/warentransport-von-und-nach-tschechien\\\/\",\"url\":\"https:\\\/\\\/www.generaltransport.rs\\\/de\\\/warentransport-von-und-nach-tschechien\\\/\",\"name\":\"Warentransport von und nach Tschechien - General Transport\",\"isPartOf\":{\"@id\":\"https:\\\/\\\/www.generaltransport.rs\\\/de\\\/#website\"},\"datePublished\":\"2026-01-16T14:16:27+00:00\",\"breadcrumb\":{\"@id\":\"https:\\\/\\\/www.generaltransport.rs\\\/de\\\/warentransport-von-und-nach-tschechien\\\/#breadcrumb\"},\"inLanguage\":\"de\",\"potentialAction\":[{\"@type\":\"ReadAction\",\"target\":[\"https:\\\/\\\/www.generaltransport.rs\\\/de\\\/warentransport-von-und-nach-tschechien\\\/\"]}]},{\"@type\":\"BreadcrumbList\",\"@id\":\"https:\\\/\\\/www.generaltransport.rs\\\/de\\\/warentransport-von-und-nach-tschechien\\\/#breadcrumb\",\"itemListElement\":[{\"@type\":\"ListItem\",\"position\":1,\"name\":\"Home\",\"item\":\"https:\\\/\\\/www.generaltransport.rs\\\/de\\\/\"},{\"@type\":\"ListItem\",\"position\":2,\"name\":\"Warentransport von und nach Tschechien\"}]},{\"@type\":\"WebSite\",\"@id\":\"https:\\\/\\\/www.generaltransport.rs\\\/de\\\/#website\",\"url\":\"https:\\\/\\\/www.generaltransport.rs\\\/de\\\/\",\"name\":\"General Transport\",\"description\":\"Me\u0111unarodni transport robe i logistika\",\"publisher\":{\"@id\":\"https:\\\/\\\/www.generaltransport.rs\\\/de\\\/#organization\"},\"potentialAction\":[{\"@type\":\"SearchAction\",\"target\":{\"@type\":\"EntryPoint\",\"urlTemplate\":\"https:\\\/\\\/www.generaltransport.rs\\\/de\\\/?s={search_term_string}\"},\"query-input\":{\"@type\":\"PropertyValueSpecification\",\"valueRequired\":true,\"valueName\":\"search_term_string\"}}],\"inLanguage\":\"de\"},{\"@type\":\"Organization\",\"@id\":\"https:\\\/\\\/www.generaltransport.rs\\\/de\\\/#organization\",\"name\":\"General Transport\",\"url\":\"https:\\\/\\\/www.generaltransport.rs\\\/de\\\/\",\"logo\":{\"@type\":\"ImageObject\",\"inLanguage\":\"de\",\"@id\":\"https:\\\/\\\/www.generaltransport.rs\\\/de\\\/#\\\/schema\\\/logo\\\/image\\\/\",\"url\":\"https:\\\/\\\/www.generaltransport.rs\\\/wp-content\\\/uploads\\\/2019\\\/11\\\/cropped-GT-site-logo-1-1.jpg\",\"contentUrl\":\"https:\\\/\\\/www.generaltransport.rs\\\/wp-content\\\/uploads\\\/2019\\\/11\\\/cropped-GT-site-logo-1-1.jpg\",\"width\":240,\"height\":59,\"caption\":\"General Transport\"},\"image\":{\"@id\":\"https:\\\/\\\/www.generaltransport.rs\\\/de\\\/#\\\/schema\\\/logo\\\/image\\\/\"}},{\"@type\":\"Person\",\"@id\":\"https:\\\/\\\/www.generaltransport.rs\\\/de\\\/#\\\/schema\\\/person\\\/0e48edc24cd7d46280e805af0f8abba1\",\"name\":\"\u0110urko \u0160umi\u0107\",\"image\":{\"@type\":\"ImageObject\",\"inLanguage\":\"de\",\"@id\":\"https:\\\/\\\/secure.gravatar.com\\\/avatar\\\/773cee9967b85f31c2c0a158f21fb44d02b8dd8a514ce79b53468d59a03b1f8d?s=96&d=mm&r=g\",\"url\":\"https:\\\/\\\/secure.gravatar.com\\\/avatar\\\/773cee9967b85f31c2c0a158f21fb44d02b8dd8a514ce79b53468d59a03b1f8d?s=96&d=mm&r=g\",\"contentUrl\":\"https:\\\/\\\/secure.gravatar.com\\\/avatar\\\/773cee9967b85f31c2c0a158f21fb44d02b8dd8a514ce79b53468d59a03b1f8d?s=96&d=mm&r=g\",\"caption\":\"\u0110urko \u0160umi\u0107\"},\"url\":\"https:\\\/\\\/www.generaltransport.rs\\\/de\\\/author\\\/djurko\\\/\"}]}<\/script>\n<!-- \/ Yoast SEO plugin. -->","yoast_head_json":{"title":"Warentransport von und nach Tschechien - General Transport","robots":{"index":"index","follow":"follow","max-snippet":"max-snippet:-1","max-image-preview":"max-image-preview:large","max-video-preview":"max-video-preview:-1"},"canonical":"https:\/\/www.generaltransport.rs\/de\/warentransport-von-und-nach-tschechien\/","og_locale":"de_DE","og_type":"article","og_title":"Warentransport von und nach Tschechien - General Transport","og_description":"Der Handel zwischen Serbien und der Tschechischen Republik belief sich im Jahr 2015 auf 643 Millionen Euro, wovon die Exporte Serbiens 275,8 Millionen Euro und die Importe 367,2 Millionen Euro betrugen. In den letzten Jahren ist unser gegenseitiger Handel in allen \u00fcberwachten Parametern systematisch gewachsen. Wichtig ist vor allem die Tatsache, dass in der letzten &hellip; Continue reading \"Warentransport von und nach Tschechien\"","og_url":"https:\/\/www.generaltransport.rs\/de\/warentransport-von-und-nach-tschechien\/","og_site_name":"General Transport","article_published_time":"2026-01-16T14:16:27+00:00","author":"\u0110urko \u0160umi\u0107","twitter_card":"summary_large_image","twitter_misc":{"Verfasst von":"\u0110urko \u0160umi\u0107","Gesch\u00e4tzte Lesezeit":"2\u00a0Minuten"},"schema":{"@context":"https:\/\/schema.org","@graph":[{"@type":"Article","@id":"https:\/\/www.generaltransport.rs\/de\/warentransport-von-und-nach-tschechien\/#article","isPartOf":{"@id":"https:\/\/www.generaltransport.rs\/de\/warentransport-von-und-nach-tschechien\/"},"author":{"name":"\u0110urko \u0160umi\u0107","@id":"https:\/\/www.generaltransport.rs\/de\/#\/schema\/person\/0e48edc24cd7d46280e805af0f8abba1"},"headline":"Warentransport von und nach Tschechien","datePublished":"2026-01-16T14:16:27+00:00","mainEntityOfPage":{"@id":"https:\/\/www.generaltransport.rs\/de\/warentransport-von-und-nach-tschechien\/"},"wordCount":430,"publisher":{"@id":"https:\/\/www.generaltransport.rs\/de\/#organization"},"articleSection":["Internationaler Transport"],"inLanguage":"de"},{"@type":"WebPage","@id":"https:\/\/www.generaltransport.rs\/de\/warentransport-von-und-nach-tschechien\/","url":"https:\/\/www.generaltransport.rs\/de\/warentransport-von-und-nach-tschechien\/","name":"Warentransport von und nach Tschechien - General Transport","isPartOf":{"@id":"https:\/\/www.generaltransport.rs\/de\/#website"},"datePublished":"2026-01-16T14:16:27+00:00","breadcrumb":{"@id":"https:\/\/www.generaltransport.rs\/de\/warentransport-von-und-nach-tschechien\/#breadcrumb"},"inLanguage":"de","potentialAction":[{"@type":"ReadAction","target":["https:\/\/www.generaltransport.rs\/de\/warentransport-von-und-nach-tschechien\/"]}]},{"@type":"BreadcrumbList","@id":"https:\/\/www.generaltransport.rs\/de\/warentransport-von-und-nach-tschechien\/#breadcrumb","itemListElement":[{"@type":"ListItem","position":1,"name":"Home","item":"https:\/\/www.generaltransport.rs\/de\/"},{"@type":"ListItem","position":2,"name":"Warentransport von und nach Tschechien"}]},{"@type":"WebSite","@id":"https:\/\/www.generaltransport.rs\/de\/#website","url":"https:\/\/www.generaltransport.rs\/de\/","name":"General Transport","description":"Me\u0111unarodni transport robe i logistika","publisher":{"@id":"https:\/\/www.generaltransport.rs\/de\/#organization"},"potentialAction":[{"@type":"SearchAction","target":{"@type":"EntryPoint","urlTemplate":"https:\/\/www.generaltransport.rs\/de\/?s={search_term_string}"},"query-input":{"@type":"PropertyValueSpecification","valueRequired":true,"valueName":"search_term_string"}}],"inLanguage":"de"},{"@type":"Organization","@id":"https:\/\/www.generaltransport.rs\/de\/#organization","name":"General Transport","url":"https:\/\/www.generaltransport.rs\/de\/","logo":{"@type":"ImageObject","inLanguage":"de","@id":"https:\/\/www.generaltransport.rs\/de\/#\/schema\/logo\/image\/","url":"https:\/\/www.generaltransport.rs\/wp-content\/uploads\/2019\/11\/cropped-GT-site-logo-1-1.jpg","contentUrl":"https:\/\/www.generaltransport.rs\/wp-content\/uploads\/2019\/11\/cropped-GT-site-logo-1-1.jpg","width":240,"height":59,"caption":"General Transport"},"image":{"@id":"https:\/\/www.generaltransport.rs\/de\/#\/schema\/logo\/image\/"}},{"@type":"Person","@id":"https:\/\/www.generaltransport.rs\/de\/#\/schema\/person\/0e48edc24cd7d46280e805af0f8abba1","name":"\u0110urko \u0160umi\u0107","image":{"@type":"ImageObject","inLanguage":"de","@id":"https:\/\/secure.gravatar.com\/avatar\/773cee9967b85f31c2c0a158f21fb44d02b8dd8a514ce79b53468d59a03b1f8d?s=96&d=mm&r=g","url":"https:\/\/secure.gravatar.com\/avatar\/773cee9967b85f31c2c0a158f21fb44d02b8dd8a514ce79b53468d59a03b1f8d?s=96&d=mm&r=g","contentUrl":"https:\/\/secure.gravatar.com\/avatar\/773cee9967b85f31c2c0a158f21fb44d02b8dd8a514ce79b53468d59a03b1f8d?s=96&d=mm&r=g","caption":"\u0110urko \u0160umi\u0107"},"url":"https:\/\/www.generaltransport.rs\/de\/author\/djurko\/"}]}},"_links":{"self":[{"href":"https:\/\/www.generaltransport.rs\/de\/wp-json\/wp\/v2\/posts\/3809","targetHints":{"allow":["GET"]}}],"collection":[{"href":"https:\/\/www.generaltransport.rs\/de\/wp-json\/wp\/v2\/posts"}],"about":[{"href":"https:\/\/www.generaltransport.rs\/de\/wp-json\/wp\/v2\/types\/post"}],"author":[{"embeddable":true,"href":"https:\/\/www.generaltransport.rs\/de\/wp-json\/wp\/v2\/users\/1"}],"replies":[{"embeddable":true,"href":"https:\/\/www.generaltransport.rs\/de\/wp-json\/wp\/v2\/comments?post=3809"}],"version-history":[{"count":1,"href":"https:\/\/www.generaltransport.rs\/de\/wp-json\/wp\/v2\/posts\/3809\/revisions"}],"predecessor-version":[{"id":3810,"href":"https:\/\/www.generaltransport.rs\/de\/wp-json\/wp\/v2\/posts\/3809\/revisions\/3810"}],"wp:attachment":[{"href":"https:\/\/www.generaltransport.rs\/de\/wp-json\/wp\/v2\/media?parent=3809"}],"wp:term":[{"taxonomy":"category","embeddable":true,"href":"https:\/\/www.generaltransport.rs\/de\/wp-json\/wp\/v2\/categories?post=3809"},{"taxonomy":"post_tag","embeddable":true,"href":"https:\/\/www.generaltransport.rs\/de\/wp-json\/wp\/v2\/tags?post=3809"}],"curies":[{"name":"wp","href":"https:\/\/api.w.org\/{rel}","templated":true}]}}