{"id":3817,"date":"2026-01-16T16:10:19","date_gmt":"2026-01-16T15:10:19","guid":{"rendered":"https:\/\/www.generaltransport.rs\/?p=3817"},"modified":"2026-01-16T16:10:19","modified_gmt":"2026-01-16T15:10:19","slug":"warentransport-von-nach-oesterreich","status":"publish","type":"post","link":"https:\/\/www.generaltransport.rs\/de\/warentransport-von-nach-oesterreich\/","title":{"rendered":"Warentransport von\/nach \u00d6sterreich"},"content":{"rendered":"<p>Die Daten \u00fcber Exporte von Serbien nach \u00d6sterreich und Importe von \u00d6sterreich nach Serbien waren in den letzten Jahren sehr beeindruckend.<\/p>\n<p>Mit rund 2,26 Milliarden Euro ist \u00d6sterreich nach dem Investitionsvolumen ab dem Jahr 2000 der zweitgr\u00f6\u00dfte Investor in Serbien. Mehr als 400 \u00f6sterreichische Unternehmen in Serbien bieten rund 18.000 Menschen Arbeitspl\u00e4tze.<\/p>\n<p>Maschinen und elektrische Anlagen, Arzneimittel, Glas und Glaswaren, Kunststoffe, Papier und Kraftfahrzeuge sowie Mais wurden \u00fcberwiegend aus \u00d6sterreich importiert.<\/p>\n<p>\u00d6sterreich importiert aus Serbien haupts\u00e4chlich elektrische Teile, Eisen und Stahl, Glas und Glasgegenst\u00e4nde, Maschinen, Ger\u00e4te und mechanische Ger\u00e4te sowie gefrorenes Obst.<\/p>\n<p>Wenn Sie aus \u00d6sterreich importieren oder nach \u00d6sterreich exportieren oder die Logistik Ihres Gesch\u00e4fts mit \u00d6sterreich verbessern m\u00f6chten, ben\u00f6tigen Sie einen zuverl\u00e4ssigen und verantwortungsbewussten Partner. Mit uns als Transportunternehmen von Waren und Rohstoffen (sowohl von Serbien nach \u00d6sterreich als auch von \u00d6sterreich nach Serbien) kommen Ihre Waren p\u00fcnktlich, unbesch\u00e4digt und zur richtigen Zeit am richtigen Ort an.<\/p>\n<p>Wir haben zurzeit 20 neue Fahrzeuge in unserer Flotte. Der Fiat Van kann 5 Europaletten und bis zu 1300 kg aufnehmen, w\u00e4hrend der Renault Master Planensprinter 8 Europaletten und bis zu 1200 kg aufnehmen kann.<\/p>\n<p>F\u00fcr den Fall, dass unsere Fahrzeuge ausgelastet sind, ist dies kein Hindernis f\u00fcr uns, da wir den Transport mit unseren langj\u00e4hrigen Partnern arrangieren k\u00f6nnen. Die Fahrzeuge sind mit modernster Ausr\u00fcstung und GPS-Ortung ausgestattet. Wir glauben auch, dass ein sehr wichtiger Punkt die technische Sicherheit des Fahrzeugs ist, sodass wir das Risiko eines Ausfalls auf ein Minimum reduzieren.<\/p>\n<p>Jede Anfrage zur Zusammenarbeit, die wir erhalten, wird so schnell wie m\u00f6glich bearbeitet, unabh\u00e4ngig von Gr\u00f6\u00dfe und Art der Ware &#8211; wir behandeln alles mit der gleichen Sorgfalt, damit die Ware in einwandfreiem Zustand an ihrem Bestimmungsort ankommt.<\/p>\n<p>In Absprache mit Ihnen holen wir die Ware an einem bestimmten Ort ab und bringen sie so schnell wie m\u00f6glich an den gew\u00fcnschten Bestimmungsort. Wir verpacken die Waren und bereiten sie f\u00fcr den Transport vor, f\u00fchren das Be- und Entladen durch. Zus\u00e4tzlich zu unseren Dienstleistungen bieten wir auch die Zollvermittlung und Erledigung der Zollverfahren an.<\/p>\n<p>&#8222;General Transport&#8220; steht Ihnen zur Verf\u00fcgung, wenn Sie Hilfe bei der Beschaffung aller f\u00fcr den Au\u00dfenhandel mit \u00d6sterreich erforderlichen Transportdokumente ben\u00f6tigen. Kontaktieren Sie uns und und stellen Sie sicher, dass unsere Dienstleistungen effizient, zuverl\u00e4ssig und professionell sind.<\/p>\n","protected":false},"excerpt":{"rendered":"<p>Die Daten \u00fcber Exporte von Serbien nach \u00d6sterreich und Importe von \u00d6sterreich nach Serbien waren in den letzten Jahren sehr beeindruckend. Mit rund 2,26 Milliarden Euro ist \u00d6sterreich nach dem Investitionsvolumen ab dem Jahr 2000 der zweitgr\u00f6\u00dfte Investor in Serbien. Mehr als 400 \u00f6sterreichische Unternehmen in Serbien bieten rund 18.000 Menschen Arbeitspl\u00e4tze. Maschinen und elektrische &hellip; <\/p>\n<p class=\"link-more\"><a href=\"https:\/\/www.generaltransport.rs\/de\/warentransport-von-nach-oesterreich\/\" class=\"more-link\">Continue reading<span class=\"screen-reader-text\"> &#8222;Warentransport von\/nach \u00d6sterreich&#8220;<\/span><\/a><\/p>\n","protected":false},"author":1,"featured_media":0,"comment_status":"closed","ping_status":"open","sticky":false,"template":"","format":"standard","meta":{"footnotes":""},"categories":[335],"tags":[],"class_list":["post-3817","post","type-post","status-publish","format-standard","hentry","category-internationaler-transport-de"],"yoast_head":"<!-- This site is optimized with the Yoast SEO plugin v27.3 - https:\/\/yoast.com\/product\/yoast-seo-wordpress\/ -->\n<title>Warentransport von\/nach \u00d6sterreich - General Transport<\/title>\n<meta name=\"robots\" content=\"index, follow, max-snippet:-1, max-image-preview:large, max-video-preview:-1\" \/>\n<link rel=\"canonical\" href=\"https:\/\/www.generaltransport.rs\/de\/warentransport-von-nach-oesterreich\/\" \/>\n<meta property=\"og:locale\" content=\"de_DE\" \/>\n<meta property=\"og:type\" content=\"article\" \/>\n<meta property=\"og:title\" content=\"Warentransport von\/nach \u00d6sterreich - General Transport\" \/>\n<meta property=\"og:description\" content=\"Die Daten \u00fcber Exporte von Serbien nach \u00d6sterreich und Importe von \u00d6sterreich nach Serbien waren in den letzten Jahren sehr beeindruckend. Mit rund 2,26 Milliarden Euro ist \u00d6sterreich nach dem Investitionsvolumen ab dem Jahr 2000 der zweitgr\u00f6\u00dfte Investor in Serbien. Mehr als 400 \u00f6sterreichische Unternehmen in Serbien bieten rund 18.000 Menschen Arbeitspl\u00e4tze. Maschinen und elektrische &hellip; Continue reading &quot;Warentransport von\/nach \u00d6sterreich&quot;\" \/>\n<meta property=\"og:url\" content=\"https:\/\/www.generaltransport.rs\/de\/warentransport-von-nach-oesterreich\/\" \/>\n<meta property=\"og:site_name\" content=\"General Transport\" \/>\n<meta property=\"article:published_time\" content=\"2026-01-16T15:10:19+00:00\" \/>\n<meta name=\"author\" content=\"\u0110urko \u0160umi\u0107\" \/>\n<meta name=\"twitter:card\" content=\"summary_large_image\" \/>\n<meta name=\"twitter:label1\" content=\"Verfasst von\" \/>\n\t<meta name=\"twitter:data1\" content=\"\u0110urko \u0160umi\u0107\" \/>\n\t<meta name=\"twitter:label2\" content=\"Gesch\u00e4tzte Lesezeit\" \/>\n\t<meta name=\"twitter:data2\" content=\"2\u00a0Minuten\" \/>\n<script type=\"application\/ld+json\" class=\"yoast-schema-graph\">{\"@context\":\"https:\\\/\\\/schema.org\",\"@graph\":[{\"@type\":\"Article\",\"@id\":\"https:\\\/\\\/www.generaltransport.rs\\\/de\\\/warentransport-von-nach-oesterreich\\\/#article\",\"isPartOf\":{\"@id\":\"https:\\\/\\\/www.generaltransport.rs\\\/de\\\/warentransport-von-nach-oesterreich\\\/\"},\"author\":{\"name\":\"\u0110urko \u0160umi\u0107\",\"@id\":\"https:\\\/\\\/www.generaltransport.rs\\\/de\\\/#\\\/schema\\\/person\\\/0e48edc24cd7d46280e805af0f8abba1\"},\"headline\":\"Warentransport von\\\/nach \u00d6sterreich\",\"datePublished\":\"2026-01-16T15:10:19+00:00\",\"mainEntityOfPage\":{\"@id\":\"https:\\\/\\\/www.generaltransport.rs\\\/de\\\/warentransport-von-nach-oesterreich\\\/\"},\"wordCount\":397,\"publisher\":{\"@id\":\"https:\\\/\\\/www.generaltransport.rs\\\/de\\\/#organization\"},\"articleSection\":[\"Internationaler Transport\"],\"inLanguage\":\"de\"},{\"@type\":\"WebPage\",\"@id\":\"https:\\\/\\\/www.generaltransport.rs\\\/de\\\/warentransport-von-nach-oesterreich\\\/\",\"url\":\"https:\\\/\\\/www.generaltransport.rs\\\/de\\\/warentransport-von-nach-oesterreich\\\/\",\"name\":\"Warentransport von\\\/nach \u00d6sterreich - General Transport\",\"isPartOf\":{\"@id\":\"https:\\\/\\\/www.generaltransport.rs\\\/de\\\/#website\"},\"datePublished\":\"2026-01-16T15:10:19+00:00\",\"breadcrumb\":{\"@id\":\"https:\\\/\\\/www.generaltransport.rs\\\/de\\\/warentransport-von-nach-oesterreich\\\/#breadcrumb\"},\"inLanguage\":\"de\",\"potentialAction\":[{\"@type\":\"ReadAction\",\"target\":[\"https:\\\/\\\/www.generaltransport.rs\\\/de\\\/warentransport-von-nach-oesterreich\\\/\"]}]},{\"@type\":\"BreadcrumbList\",\"@id\":\"https:\\\/\\\/www.generaltransport.rs\\\/de\\\/warentransport-von-nach-oesterreich\\\/#breadcrumb\",\"itemListElement\":[{\"@type\":\"ListItem\",\"position\":1,\"name\":\"Home\",\"item\":\"https:\\\/\\\/www.generaltransport.rs\\\/de\\\/\"},{\"@type\":\"ListItem\",\"position\":2,\"name\":\"Warentransport von\\\/nach \u00d6sterreich\"}]},{\"@type\":\"WebSite\",\"@id\":\"https:\\\/\\\/www.generaltransport.rs\\\/de\\\/#website\",\"url\":\"https:\\\/\\\/www.generaltransport.rs\\\/de\\\/\",\"name\":\"General Transport\",\"description\":\"Me\u0111unarodni transport robe i logistika\",\"publisher\":{\"@id\":\"https:\\\/\\\/www.generaltransport.rs\\\/de\\\/#organization\"},\"potentialAction\":[{\"@type\":\"SearchAction\",\"target\":{\"@type\":\"EntryPoint\",\"urlTemplate\":\"https:\\\/\\\/www.generaltransport.rs\\\/de\\\/?s={search_term_string}\"},\"query-input\":{\"@type\":\"PropertyValueSpecification\",\"valueRequired\":true,\"valueName\":\"search_term_string\"}}],\"inLanguage\":\"de\"},{\"@type\":\"Organization\",\"@id\":\"https:\\\/\\\/www.generaltransport.rs\\\/de\\\/#organization\",\"name\":\"General Transport\",\"url\":\"https:\\\/\\\/www.generaltransport.rs\\\/de\\\/\",\"logo\":{\"@type\":\"ImageObject\",\"inLanguage\":\"de\",\"@id\":\"https:\\\/\\\/www.generaltransport.rs\\\/de\\\/#\\\/schema\\\/logo\\\/image\\\/\",\"url\":\"https:\\\/\\\/www.generaltransport.rs\\\/wp-content\\\/uploads\\\/2019\\\/11\\\/cropped-GT-site-logo-1-1.jpg\",\"contentUrl\":\"https:\\\/\\\/www.generaltransport.rs\\\/wp-content\\\/uploads\\\/2019\\\/11\\\/cropped-GT-site-logo-1-1.jpg\",\"width\":240,\"height\":59,\"caption\":\"General Transport\"},\"image\":{\"@id\":\"https:\\\/\\\/www.generaltransport.rs\\\/de\\\/#\\\/schema\\\/logo\\\/image\\\/\"}},{\"@type\":\"Person\",\"@id\":\"https:\\\/\\\/www.generaltransport.rs\\\/de\\\/#\\\/schema\\\/person\\\/0e48edc24cd7d46280e805af0f8abba1\",\"name\":\"\u0110urko \u0160umi\u0107\",\"image\":{\"@type\":\"ImageObject\",\"inLanguage\":\"de\",\"@id\":\"https:\\\/\\\/secure.gravatar.com\\\/avatar\\\/773cee9967b85f31c2c0a158f21fb44d02b8dd8a514ce79b53468d59a03b1f8d?s=96&d=mm&r=g\",\"url\":\"https:\\\/\\\/secure.gravatar.com\\\/avatar\\\/773cee9967b85f31c2c0a158f21fb44d02b8dd8a514ce79b53468d59a03b1f8d?s=96&d=mm&r=g\",\"contentUrl\":\"https:\\\/\\\/secure.gravatar.com\\\/avatar\\\/773cee9967b85f31c2c0a158f21fb44d02b8dd8a514ce79b53468d59a03b1f8d?s=96&d=mm&r=g\",\"caption\":\"\u0110urko \u0160umi\u0107\"},\"url\":\"https:\\\/\\\/www.generaltransport.rs\\\/de\\\/author\\\/djurko\\\/\"}]}<\/script>\n<!-- \/ Yoast SEO plugin. -->","yoast_head_json":{"title":"Warentransport von\/nach \u00d6sterreich - General Transport","robots":{"index":"index","follow":"follow","max-snippet":"max-snippet:-1","max-image-preview":"max-image-preview:large","max-video-preview":"max-video-preview:-1"},"canonical":"https:\/\/www.generaltransport.rs\/de\/warentransport-von-nach-oesterreich\/","og_locale":"de_DE","og_type":"article","og_title":"Warentransport von\/nach \u00d6sterreich - General Transport","og_description":"Die Daten \u00fcber Exporte von Serbien nach \u00d6sterreich und Importe von \u00d6sterreich nach Serbien waren in den letzten Jahren sehr beeindruckend. Mit rund 2,26 Milliarden Euro ist \u00d6sterreich nach dem Investitionsvolumen ab dem Jahr 2000 der zweitgr\u00f6\u00dfte Investor in Serbien. Mehr als 400 \u00f6sterreichische Unternehmen in Serbien bieten rund 18.000 Menschen Arbeitspl\u00e4tze. Maschinen und elektrische &hellip; Continue reading \"Warentransport von\/nach \u00d6sterreich\"","og_url":"https:\/\/www.generaltransport.rs\/de\/warentransport-von-nach-oesterreich\/","og_site_name":"General Transport","article_published_time":"2026-01-16T15:10:19+00:00","author":"\u0110urko \u0160umi\u0107","twitter_card":"summary_large_image","twitter_misc":{"Verfasst von":"\u0110urko \u0160umi\u0107","Gesch\u00e4tzte Lesezeit":"2\u00a0Minuten"},"schema":{"@context":"https:\/\/schema.org","@graph":[{"@type":"Article","@id":"https:\/\/www.generaltransport.rs\/de\/warentransport-von-nach-oesterreich\/#article","isPartOf":{"@id":"https:\/\/www.generaltransport.rs\/de\/warentransport-von-nach-oesterreich\/"},"author":{"name":"\u0110urko \u0160umi\u0107","@id":"https:\/\/www.generaltransport.rs\/de\/#\/schema\/person\/0e48edc24cd7d46280e805af0f8abba1"},"headline":"Warentransport von\/nach \u00d6sterreich","datePublished":"2026-01-16T15:10:19+00:00","mainEntityOfPage":{"@id":"https:\/\/www.generaltransport.rs\/de\/warentransport-von-nach-oesterreich\/"},"wordCount":397,"publisher":{"@id":"https:\/\/www.generaltransport.rs\/de\/#organization"},"articleSection":["Internationaler Transport"],"inLanguage":"de"},{"@type":"WebPage","@id":"https:\/\/www.generaltransport.rs\/de\/warentransport-von-nach-oesterreich\/","url":"https:\/\/www.generaltransport.rs\/de\/warentransport-von-nach-oesterreich\/","name":"Warentransport von\/nach \u00d6sterreich - General Transport","isPartOf":{"@id":"https:\/\/www.generaltransport.rs\/de\/#website"},"datePublished":"2026-01-16T15:10:19+00:00","breadcrumb":{"@id":"https:\/\/www.generaltransport.rs\/de\/warentransport-von-nach-oesterreich\/#breadcrumb"},"inLanguage":"de","potentialAction":[{"@type":"ReadAction","target":["https:\/\/www.generaltransport.rs\/de\/warentransport-von-nach-oesterreich\/"]}]},{"@type":"BreadcrumbList","@id":"https:\/\/www.generaltransport.rs\/de\/warentransport-von-nach-oesterreich\/#breadcrumb","itemListElement":[{"@type":"ListItem","position":1,"name":"Home","item":"https:\/\/www.generaltransport.rs\/de\/"},{"@type":"ListItem","position":2,"name":"Warentransport von\/nach \u00d6sterreich"}]},{"@type":"WebSite","@id":"https:\/\/www.generaltransport.rs\/de\/#website","url":"https:\/\/www.generaltransport.rs\/de\/","name":"General Transport","description":"Me\u0111unarodni transport robe i logistika","publisher":{"@id":"https:\/\/www.generaltransport.rs\/de\/#organization"},"potentialAction":[{"@type":"SearchAction","target":{"@type":"EntryPoint","urlTemplate":"https:\/\/www.generaltransport.rs\/de\/?s={search_term_string}"},"query-input":{"@type":"PropertyValueSpecification","valueRequired":true,"valueName":"search_term_string"}}],"inLanguage":"de"},{"@type":"Organization","@id":"https:\/\/www.generaltransport.rs\/de\/#organization","name":"General Transport","url":"https:\/\/www.generaltransport.rs\/de\/","logo":{"@type":"ImageObject","inLanguage":"de","@id":"https:\/\/www.generaltransport.rs\/de\/#\/schema\/logo\/image\/","url":"https:\/\/www.generaltransport.rs\/wp-content\/uploads\/2019\/11\/cropped-GT-site-logo-1-1.jpg","contentUrl":"https:\/\/www.generaltransport.rs\/wp-content\/uploads\/2019\/11\/cropped-GT-site-logo-1-1.jpg","width":240,"height":59,"caption":"General Transport"},"image":{"@id":"https:\/\/www.generaltransport.rs\/de\/#\/schema\/logo\/image\/"}},{"@type":"Person","@id":"https:\/\/www.generaltransport.rs\/de\/#\/schema\/person\/0e48edc24cd7d46280e805af0f8abba1","name":"\u0110urko \u0160umi\u0107","image":{"@type":"ImageObject","inLanguage":"de","@id":"https:\/\/secure.gravatar.com\/avatar\/773cee9967b85f31c2c0a158f21fb44d02b8dd8a514ce79b53468d59a03b1f8d?s=96&d=mm&r=g","url":"https:\/\/secure.gravatar.com\/avatar\/773cee9967b85f31c2c0a158f21fb44d02b8dd8a514ce79b53468d59a03b1f8d?s=96&d=mm&r=g","contentUrl":"https:\/\/secure.gravatar.com\/avatar\/773cee9967b85f31c2c0a158f21fb44d02b8dd8a514ce79b53468d59a03b1f8d?s=96&d=mm&r=g","caption":"\u0110urko \u0160umi\u0107"},"url":"https:\/\/www.generaltransport.rs\/de\/author\/djurko\/"}]}},"_links":{"self":[{"href":"https:\/\/www.generaltransport.rs\/de\/wp-json\/wp\/v2\/posts\/3817","targetHints":{"allow":["GET"]}}],"collection":[{"href":"https:\/\/www.generaltransport.rs\/de\/wp-json\/wp\/v2\/posts"}],"about":[{"href":"https:\/\/www.generaltransport.rs\/de\/wp-json\/wp\/v2\/types\/post"}],"author":[{"embeddable":true,"href":"https:\/\/www.generaltransport.rs\/de\/wp-json\/wp\/v2\/users\/1"}],"replies":[{"embeddable":true,"href":"https:\/\/www.generaltransport.rs\/de\/wp-json\/wp\/v2\/comments?post=3817"}],"version-history":[{"count":1,"href":"https:\/\/www.generaltransport.rs\/de\/wp-json\/wp\/v2\/posts\/3817\/revisions"}],"predecessor-version":[{"id":3818,"href":"https:\/\/www.generaltransport.rs\/de\/wp-json\/wp\/v2\/posts\/3817\/revisions\/3818"}],"wp:attachment":[{"href":"https:\/\/www.generaltransport.rs\/de\/wp-json\/wp\/v2\/media?parent=3817"}],"wp:term":[{"taxonomy":"category","embeddable":true,"href":"https:\/\/www.generaltransport.rs\/de\/wp-json\/wp\/v2\/categories?post=3817"},{"taxonomy":"post_tag","embeddable":true,"href":"https:\/\/www.generaltransport.rs\/de\/wp-json\/wp\/v2\/tags?post=3817"}],"curies":[{"name":"wp","href":"https:\/\/api.w.org\/{rel}","templated":true}]}}